{"id":162169,"date":"2014-09-11T23:00:09","date_gmt":"2014-09-11T23:00:09","guid":{"rendered":"http:\/\/diariodominicano.ddns.net\/?p=162169"},"modified":"2014-09-11T23:00:09","modified_gmt":"2014-09-11T23:00:09","slug":"luis-el-gallo-pide-gobierno-declare-no-grato-a-gonzalo-vargas-llosa-jefe-mision-del-acnur","status":"publish","type":"post","link":"https:\/\/diariodominicano.com\/?p=162169","title":{"rendered":"Luis \u00abEl Gallo\u00bb pide Gobierno declare no grato a Gonzalo Vargas Llosa, jefe misi\u00f3n del ACNUR"},"content":{"rendered":"<p><body><\/p>\n<p><span class=\"text1noticias\">Santo Domingo, RD, 11 de Septiembre.-El Partido Uni\u00f3n Dem\u00f3crata Cristiana-UDC-pidi\u00f3 que se declare persona no grata a Gonzalo Vargas Llosa, jefe de misi\u00f3n del Alto Comisionado para los Refugiados de las Naciones Unidas, por llevar a cabo una l\u00ednea de golpeo a la soberan\u00eda nacional y de propalar calumnias internacionales sobre el trato que se da a los migrantes haitianos ilegales.<\/span><\/p>\n<\/p>\n<p><span class=\"text1noticias\">Luis Acosta Moreta, Luis \u00abEl Gallo\u00bb, presidente de la UDC, pidi\u00f3 al Gobierno que aplique las medidas diplom\u00e1ticas de rigor y solicite a la ACNUR que cambie a su jefe de misi\u00f3n en la Rep\u00fablica Dominicana por estar prejuiciado y perjudicando al pa\u00eds.<\/span><\/p>\n<\/p>\n<p><span class=\"text1noticias\">La misi\u00f3n de ese organismo especializado de las Naciones Unidas es ayudar a los refugiados desde el punto de vista humano, pero la l\u00ednea fijada por su representante local es de meter un hachazo a la integridad nacional, con sus falsas acusaciones en los foros internacionales.<\/span><\/p>\n<\/p>\n<p><span class=\"text1noticias\">La ACNUR que trabaja en el mundo entero, sabe la responsabilidad que tiene uno de sus representantes, y que como organismo mediador, conciliador, no es de tener a un funcionario que peca de irresponsable, violador de la verdad y del derecho internacional.<\/span><\/p>\n<\/p>\n<p><span class=\"text1noticias\">Dijo que desde hace meses Vargas Llosa viene conspirando contra la soberan\u00eda nacional, dando paso a denuncias infundadas de discriminaci\u00f3n contra los migrantes haitianos ilegales.<\/span><\/p>\n<\/p>\n<p><span class=\"text1noticias\">Record\u00f3 que este se\u00f1or nunca ha tenido la menor frase de reconocimiento para la Rep\u00fablica Dominicana en su misi\u00f3n humana para asistir a los haitianos luego del terremoto que desvast\u00f3 Hait\u00ed.<\/span><\/p>\n<\/p>\n<p><span class=\"text1noticias\">Enfatiz\u00f3 que la UDC tiene moral para llamar la atenci\u00f3n a Vargas Llosa y la ACNUR porque cuando este estaba en Europa, los hombres de la UDC fueron a Hait\u00ed con la primera ayuda humanitaria que sali\u00f3 desde la Rep\u00fablica Dominicana, gracias a donaciones que recibimos de nuestros aliados internacionales.<\/span><\/p>\n<\/p>\n<p><span class=\"text1noticias\">Adem\u00e1s, el pueblo debe saber que la ACNUR hab\u00eda dejado de tener presencia permanente en Rep\u00fablica Dominicana en 1997, y que trece a\u00f1os despu\u00e9s la retom\u00f3, en enero de 2010, tras el terremoto que devast\u00f3 Hait\u00ed.<\/span><\/p>\n<\/p>\n<p><span class=\"text1noticias\">La soberan\u00eda dominicana no permite que se le agreda, y si cualquier funcionario, sin importar nombre ni abolengo familiar, osa ofenderla, no merece  gozar de nuestra hospitalidad y debe ser invitado a abandonar nuestro pa\u00eds.(HG)<\/span>.<\/p>\n<\/p>\n<h6> 2014-09-11 23:00:09 <\/h6>\n<p><!--\n<link rel=\"stylesheet\" href=\"css\/bootstrap.min.css\">\n\n\n<ul class=\"pagination\">\n\t    \n\t\n\n<li >\n\t<a href='?page_no=14600'>Previous<\/a>\n\t<\/li>\n\n\n       \n    \n\n<li><a href='?page_no=1'>1<\/a><\/li>\n\n\n\n<li><a href='?page_no=2'>2<\/a><\/li>\n\n\n\n<li><a>...<\/a><\/li>\n\n\n\n<li><a href='?page_no=14599'>14599<\/a><\/li>\n\n\n\n<li><a href='?page_no=14600'>14600<\/a><\/li>\n\n\n\n<li class='active'><a>14601<\/a><\/li>\n\n\n\n<li><a href='?page_no=14602'>14602<\/a><\/li>\n\n\n\n<li><a href='?page_no=14603'>14603<\/a><\/li>\n\n\n\n<li><a>...<\/a><\/li>\n\n\n\n<li><a href='?page_no=36999'>36999<\/a><\/li>\n\n\n\n<li><a href='?page_no=37000'>37000<\/a><\/li>\n\n    \n\t\n\n<li >\n\t<a href='?page_no=14602'>Next<\/a>\n\t<\/li>\n\n\n    \n\n<li><a href='?page_no=37000'>Last &rsaquo;&rsaquo;<\/a><\/li>\n\n<\/ul>\n\n\n--><br \/>\n<\/body><\/p>\n","protected":false},"excerpt":{"rendered":"<p>Santo Domingo, RD, 11 de Septiembre.-El Partido Uni\u00f3n Dem\u00f3crata Cristiana-UDC-pidi\u00f3 que se declare persona no grata a Gonzalo Vargas Llosa, jefe de misi\u00f3n del Alto Comisionado para los Refugiados de las Naciones Unidas, por llevar a cabo una l\u00ednea de golpeo a la soberan\u00eda nacional y de propalar calumnias internacionales sobre el trato que se [&hellip;]<\/p>\n","protected":false},"author":3,"featured_media":0,"comment_status":"open","ping_status":"open","sticky":false,"template":"","format":"standard","meta":{"footnotes":""},"categories":[22],"tags":[],"class_list":["post-162169","post","type-post","status-publish","format-standard","hentry","category-politica"],"_links":{"self":[{"href":"https:\/\/diariodominicano.com\/index.php?rest_route=\/wp\/v2\/posts\/162169","targetHints":{"allow":["GET"]}}],"collection":[{"href":"https:\/\/diariodominicano.com\/index.php?rest_route=\/wp\/v2\/posts"}],"about":[{"href":"https:\/\/diariodominicano.com\/index.php?rest_route=\/wp\/v2\/types\/post"}],"author":[{"embeddable":true,"href":"https:\/\/diariodominicano.com\/index.php?rest_route=\/wp\/v2\/users\/3"}],"replies":[{"embeddable":true,"href":"https:\/\/diariodominicano.com\/index.php?rest_route=%2Fwp%2Fv2%2Fcomments&post=162169"}],"version-history":[{"count":0,"href":"https:\/\/diariodominicano.com\/index.php?rest_route=\/wp\/v2\/posts\/162169\/revisions"}],"wp:attachment":[{"href":"https:\/\/diariodominicano.com\/index.php?rest_route=%2Fwp%2Fv2%2Fmedia&parent=162169"}],"wp:term":[{"taxonomy":"category","embeddable":true,"href":"https:\/\/diariodominicano.com\/index.php?rest_route=%2Fwp%2Fv2%2Fcategories&post=162169"},{"taxonomy":"post_tag","embeddable":true,"href":"https:\/\/diariodominicano.com\/index.php?rest_route=%2Fwp%2Fv2%2Ftags&post=162169"}],"curies":[{"name":"wp","href":"https:\/\/api.w.org\/{rel}","templated":true}]}}