{"id":162168,"date":"2014-09-11T23:05:13","date_gmt":"2014-09-11T23:05:13","guid":{"rendered":"http:\/\/diariodominicano.ddns.net\/?p=162168"},"modified":"2014-09-11T23:05:13","modified_gmt":"2014-09-11T23:05:13","slug":"partidos-del-bloque-progresistas-realizan-consenso-con-el-pld-sobre-ley-de-partidos-politicos","status":"publish","type":"post","link":"https:\/\/diariodominicano.com\/?p=162168","title":{"rendered":"Partidos del Bloque Progresistas realizan consenso con el PLD sobre Ley de Partidos Pol\u00edticos&#13;"},"content":{"rendered":"<p><body><\/p>\n<p><img decoding=\"async\" src=\"img3\/rafael.jpg\" \/>  <\/p>\n<p><span class=\"text1noticias\">Santo Domingo, RD, 11 de Septiembre.-Los partidos aliados al Partido de la Liberaci\u00f3n Dominicana (PLD) en el Bloque Progresista refrendaron este d\u00eda el anteproyecto de Ley de partidos y agrupaciones pol\u00edticas presentado por esa organizaci\u00f3n a sus congresistas registrando algunas recomendaciones y observaciones que la direcci\u00f3n pol\u00edtica del PLD conocer\u00e1 en los pr\u00f3ximos d\u00edas.  <\/span><\/p>\n<p><span class=\"text1noticias\"> <\/span><\/p>\n<p><span class=\"text1noticias\">As\u00ed lo inform\u00f3 Rafael Alburquerque, coordinador de la comisi\u00f3n del Comit\u00e9 Pol\u00edtico que redact\u00f3 el texto, al finalizar el encuentro realizado la tarde de este jueves en la Oficina Presidencial del PLD, en la zona universitaria.<\/span><\/p>\n<p><span class=\"text1noticias\"> <\/span><\/p>\n<p><span class=\"text1noticias\">\u00abHemos recibido un documento con algunas sugerencias, y en adici\u00f3n al documento escrito, algunas observaciones realizadas en la reuni\u00f3n de este dia\u00bb,  dijo Alburquerque teniendo a su lado a Cesar Pina Toribio, miembro del Comit\u00e9 Pol\u00edtico y de la comisi\u00f3n que present\u00f3 el anteproyecto y H\u00e9ctor Olivo, secretario de comunicaciones del PLD.<\/span><\/p>\n<p><span class=\"text1noticias\"> <\/span><\/p>\n<p><span class=\"text1noticias\">Asistieron al encuentro realizado en la Oficina Presidencial del PLD Jos\u00e9 Antolin Polanco, del Partido Socialista Verde; Jos\u00e9 Gonz\u00e1les Espinosa, del Partido de los Trabajadores Dominicanos; Jorge Guerra Mirabal y Anatalio Aquino del Partido Acci\u00f3n Liberal; Jorge Radham\u00e9s Zorrilla Ozuna y Franklin White Copl\u00edn; del Partido C\u00edvico Renovador, Namibia Didiez, del Partido Dem\u00f3crata Popular; El\u00edas Wessin Ch\u00e1vez, del Partido Quisqueyano Dem\u00f3crata Cristiano; Vinicio Castillo Sem\u00e1n de la Fuerza Nacional Progresista; Luis Acosta Moreta de la Uni\u00f3n Dem\u00f3crata Cristiana y Pedro Ram\u00edrez del Partido de la Unidad Nacional.<\/span><\/p>\n<p><span class=\"text1noticias\"> <\/span><\/p>\n<p><span class=\"text1noticias\">Destac\u00f3 la fluidez de la reuni\u00f3n en raz\u00f3n de que los partidos aliados hab\u00edan conocido de manera colectiva el anteproyecto y decidieron presentar un documento unificado que entregaron formalmente a la comisi\u00f3n del PLD.<\/span><\/p>\n<p><span class=\"text1noticias\"> <\/span><\/p>\n<p><span class=\"text1noticias\">\u00abHemos llegado a una decisi\u00f3n de consenso entre el PLD, representado en esta comisi\u00f3n y los partidos aliados en el Bloque Progresista\u00bb declar\u00f3 Rafael Alburquerque en la reuni\u00f3n que inici\u00f3 a las 4.10 de la tarde y concluy\u00f3 a las 5:05 PM.<\/span><\/p>\n<p><span class=\"text1noticias\"> <\/span><\/p>\n<p><span class=\"text1noticias\">Se adelant\u00f3 que las observaciones y sugerencias se entregar\u00e1n al Comit\u00e9 Pol\u00edtico peledeista, de la que adelant\u00f3 Alburquerque, ser\u00e1n acogidas sin inconveniente alguno en raz\u00f3n de los aportes que realizan y porque  enriquecen el anteproyecto presentado.  <\/span><\/p>\n<p><span class=\"text1noticias\"> <\/span><\/p>\n<p><span class=\"text1noticias\">Inform\u00f3 que se har\u00e1n las diligencias pertinentes en la bancada del PLD en la C\u00e1mara de Diputados y el Senado de la Republica para que la Ley de partidos y agrupaciones pol\u00edticas se conozca en el menor tiempo posible.<\/span><\/p>\n<p><span class=\"text1noticias\"> <\/span><\/p>\n<p><span class=\"text1noticias\">El coordinador de la comisi\u00f3n que present\u00f3 el anteproyecto de Ley de partidos pol\u00edticos al ser preguntado sobre las observaciones presentadas dijo que se trat\u00f3 de sugerencias generales, presentando alguna variaci\u00f3n de plazos, sugiriendo modificaciones a textos p\u00e1rrafos y otros, explicaci\u00f3n que corrobor\u00f3, a nombre de los partidos aliados, Jose Gonz\u00e1les Espinosa del PTD.<\/span><\/p>\n<p><span class=\"text1noticias\"> <\/span><\/p>\n<p><span class=\"text1noticias\">El anteproyecto presentado se sustenta en los principios fundamentales de la libertad, la justicia, la solidaridad, el pluralismo, la equidad, la transparencia y el uso de los medios democr\u00e1ticos  para acceder a la direcci\u00f3n del Estado.<\/span><\/p>\n<p><span class=\"text1noticias\"> <\/span><\/p>\n<p><span class=\"text1noticias\">Promueve tambi\u00e9n el respeto a la Constituci\u00f3n y las leyes, defender la soberan\u00eda nacional, la democracia y la independencia de la Rep\u00fablica, as\u00ed como los derechos humanos y la paz ciudadana.(HG)<\/span>.<\/p>\n<\/p>\n<h6> 2014-09-11 23:05:13 <\/h6>\n<p><!--\n<link rel=\"stylesheet\" href=\"css\/bootstrap.min.css\">\n\n\n<ul class=\"pagination\">\n\t    \n\t\n\n<li >\n\t<a href='?page_no=14599'>Previous<\/a>\n\t<\/li>\n\n\n       \n    \n\n<li><a href='?page_no=1'>1<\/a><\/li>\n\n\n\n<li><a href='?page_no=2'>2<\/a><\/li>\n\n\n\n<li><a>...<\/a><\/li>\n\n\n\n<li><a href='?page_no=14598'>14598<\/a><\/li>\n\n\n\n<li><a href='?page_no=14599'>14599<\/a><\/li>\n\n\n\n<li class='active'><a>14600<\/a><\/li>\n\n\n\n<li><a href='?page_no=14601'>14601<\/a><\/li>\n\n\n\n<li><a href='?page_no=14602'>14602<\/a><\/li>\n\n\n\n<li><a>...<\/a><\/li>\n\n\n\n<li><a href='?page_no=36999'>36999<\/a><\/li>\n\n\n\n<li><a href='?page_no=37000'>37000<\/a><\/li>\n\n    \n\t\n\n<li >\n\t<a href='?page_no=14601'>Next<\/a>\n\t<\/li>\n\n\n    \n\n<li><a href='?page_no=37000'>Last &rsaquo;&rsaquo;<\/a><\/li>\n\n<\/ul>\n\n\n--><br \/>\n<\/body><\/p>\n","protected":false},"excerpt":{"rendered":"<p>Santo Domingo, RD, 11 de Septiembre.-Los partidos aliados al Partido de la Liberaci\u00f3n Dominicana (PLD) en el Bloque Progresista refrendaron este d\u00eda el anteproyecto de Ley de partidos y agrupaciones pol\u00edticas presentado por esa organizaci\u00f3n a sus congresistas registrando algunas recomendaciones y observaciones que la direcci\u00f3n pol\u00edtica del PLD conocer\u00e1 en los pr\u00f3ximos d\u00edas. As\u00ed [&hellip;]<\/p>\n","protected":false},"author":3,"featured_media":0,"comment_status":"open","ping_status":"open","sticky":false,"template":"","format":"standard","meta":{"footnotes":""},"categories":[22],"tags":[],"class_list":["post-162168","post","type-post","status-publish","format-standard","hentry","category-politica"],"_links":{"self":[{"href":"https:\/\/diariodominicano.com\/index.php?rest_route=\/wp\/v2\/posts\/162168","targetHints":{"allow":["GET"]}}],"collection":[{"href":"https:\/\/diariodominicano.com\/index.php?rest_route=\/wp\/v2\/posts"}],"about":[{"href":"https:\/\/diariodominicano.com\/index.php?rest_route=\/wp\/v2\/types\/post"}],"author":[{"embeddable":true,"href":"https:\/\/diariodominicano.com\/index.php?rest_route=\/wp\/v2\/users\/3"}],"replies":[{"embeddable":true,"href":"https:\/\/diariodominicano.com\/index.php?rest_route=%2Fwp%2Fv2%2Fcomments&post=162168"}],"version-history":[{"count":0,"href":"https:\/\/diariodominicano.com\/index.php?rest_route=\/wp\/v2\/posts\/162168\/revisions"}],"wp:attachment":[{"href":"https:\/\/diariodominicano.com\/index.php?rest_route=%2Fwp%2Fv2%2Fmedia&parent=162168"}],"wp:term":[{"taxonomy":"category","embeddable":true,"href":"https:\/\/diariodominicano.com\/index.php?rest_route=%2Fwp%2Fv2%2Fcategories&post=162168"},{"taxonomy":"post_tag","embeddable":true,"href":"https:\/\/diariodominicano.com\/index.php?rest_route=%2Fwp%2Fv2%2Ftags&post=162168"}],"curies":[{"name":"wp","href":"https:\/\/api.w.org\/{rel}","templated":true}]}}