{"id":162162,"date":"2014-09-12T18:46:58","date_gmt":"2014-09-12T18:46:58","guid":{"rendered":"http:\/\/diariodominicano.ddns.net\/?p=162162"},"modified":"2014-09-12T18:46:58","modified_gmt":"2014-09-12T18:46:58","slug":"aseguran-abinader-es-la-mejor-carta-de-triunfo-de-la-oposicion","status":"publish","type":"post","link":"https:\/\/diariodominicano.com\/?p=162162","title":{"rendered":"&#13;&#13;&#13;Aseguran Abinader es la mejor \u00abcarta de triunfo\u00bb de la oposici\u00f3n"},"content":{"rendered":"<p><body><\/p>\n<p><img decoding=\"async\" src=\"img3\/tonton2.jpg\" \/><br \/><img decoding=\"async\" src=\"img3\/aseton.jpg\" \/>  <\/p>\n<\/p>\n<\/p>\n<\/p>\n<p><span class=\"text1noticias\">Por Jhonny Trinidad<\/span><\/p>\n<p><span class=\"text1noticias\"> <\/span><\/p>\n<p><span class=\"text1noticias\">?<\/span><\/p>\n<p><span class=\"text1noticias\">Nueva York, EEUU, 12 de septiembre.- Luis Abinader es la m\u00e1s s\u00f3lida \u00abcarta de triunfo\u00bb con que cuenta el Partido Revolucionario Moderno (PRM) y La Convergencia para ganar las elecciones en 2016, afirm\u00f3 aqu\u00ed su equipo pol\u00edtico.<\/span><\/p>\n<\/p>\n<p><span class=\"text1noticias\">\u00abNuestro candidato es la mejor v\u00eda para llegar al poder, porque puede unificar a los amplios sectores del pa\u00eds que se oponen a la continuidad del Partido de la Liberaci\u00f3n Dominicana\u00bb, expres\u00f3 en rueda de prensa Alejandro Rodr\u00edguez (Tonton), presidente en Nueva York del equipo pol\u00edtico de Abinader.<\/span><\/p>\n<\/p>\n<p><span class=\"text1noticias\">\u00abEn este momento, las encuestas colocan a Abinader como el candidato m\u00e1s popular, mejor valorado por la mujer y la juventud, los dos sectores mayoritarios en la Rep\u00fablica Dominicana, y los que deciden en las elecciones\u00bb, manifest\u00f3.<\/span><\/p>\n<\/p>\n<p><span class=\"text1noticias\">Agreg\u00f3 que \u00abAbinader es una propuesta viable, que ha asumido el compromiso de realizar los cambios que tanto demanda la sociedad dominicana, en especial los sectores de menos recursos\u00bb.<\/span><\/p>\n<\/p>\n<p><span class=\"text1noticias\">\u00abNuestro candidato, adem\u00e1s, representa una posibilidad real de cambio, para que el pa\u00eds se pueda enrumbar por los caminos del progreso y del desarrollo. Es por eso que estamos trabajando en forma ardua y sistem\u00e1tica para llevarlo al poder, ya que estamos convencidos de que encabezar\u00e1 un gobierno eficiente, honesto, incluyente e impulsor del desarrollo humano\u00bb, indic\u00f3.<\/span><\/p>\n<p><span class=\"text1noticias\"> <\/span><\/p>\n<p><span class=\"text1noticias\"> <\/span><\/p>\n<p><span class=\"text1noticias\">Juramentaci\u00f3n Direcci\u00f3n Estatal<\/span><\/p>\n<p><span class=\"text1noticias\"> <\/span><\/p>\n<p><span class=\"text1noticias\">A\u00f1adi\u00f3 que \u00abcomo parte de esos trabajos, el pr\u00f3ximo s\u00e1bado 20, juramentaremos nuestra direcci\u00f3n estatal, en un acto presido por la Direcci\u00f3n Internacional y la Direcci\u00f3n Pol\u00edtica de nuestro equipo en Nueva York\u00bb.<\/span><\/p>\n<\/p>\n<p><span class=\"text1noticias\">Esa actividad tendr\u00e1 lugar a las 6:00 de la tarde en el Evelyn Place Senior Social Center, ubicado en la esquina de Evelyn Place y la avenida Jerome, en El Bronx.<\/span><\/p>\n<\/p>\n<p><span class=\"text1noticias\">El evento contar\u00e1 con la participaci\u00f3n, v\u00eda Skype, de Abinader, quien hablar\u00e1 sobre los \u00faltimos acontecimientos pol\u00edticos, sociales y econ\u00f3micos de la Rep\u00fablica Dominicana.<\/span><\/p>\n<\/p>\n<p><span class=\"text1noticias\">Para m\u00e1s informaci\u00f3n sobre esa actividad, llamar a los tel\u00e9fonos (347) 767-9219, (646) 425-7639, (347) 213-4590 y (347) 994-7671.<\/span><\/p>\n<p><span class=\"text1noticias\"> <\/span><\/p>\n<p><span class=\"text1noticias\">Encuestas<\/span><\/p>\n<p><span class=\"text1noticias\"> <\/span><\/p>\n<p><span class=\"text1noticias\">En la rueda de prensa de este jueves tambi\u00e9n participaron, Nelson Maloni y Arsenio Devares, quien asegur\u00f3 que \u00ablas encuestas conocidas en el \u00faltimo a\u00f1o demuestran que Abinader encabeza con amplio margen las simpat\u00edas electorales, es el dirigente mejor valorado y el de m\u00e1s baja tasa de rechazo en la Rep\u00fablica Dominicana\u00bb.<\/span><\/p>\n<\/p>\n<p><span class=\"text1noticias\">Asimismo, abog\u00f3 por la unidad y dijo que \u00abdebemos dejar atr\u00e1s los viejos vicios y pr\u00e1cticas generadoras de sucesivas crisis, derrotas y divisiones\u00bb.<\/span><\/p>\n<\/p>\n<p><span class=\"text1noticias\">\u00abNo debemos olvidar que la unidad se construye con respeto, prudencia y relaciones transparentes\u00bb, subray\u00f3.<\/span><\/p>\n<\/p>\n<p><span class=\"text1noticias\">La rueda de prensa, realizada en el restaurant Presidente, del Alto Manhattan, fue \u00abmagistralmente\u00bb moderada por Rafael Mendoza.<\/span><\/p>\n<h6> 2014-09-12 18:46:58 <\/h6>\n<p><!--\n<link rel=\"stylesheet\" href=\"css\/bootstrap.min.css\">\n\n\n<ul class=\"pagination\">\n\t    \n\t\n\n<li >\n\t<a href='?page_no=14595'>Previous<\/a>\n\t<\/li>\n\n\n       \n    \n\n<li><a href='?page_no=1'>1<\/a><\/li>\n\n\n\n<li><a href='?page_no=2'>2<\/a><\/li>\n\n\n\n<li><a>...<\/a><\/li>\n\n\n\n<li><a href='?page_no=14594'>14594<\/a><\/li>\n\n\n\n<li><a href='?page_no=14595'>14595<\/a><\/li>\n\n\n\n<li class='active'><a>14596<\/a><\/li>\n\n\n\n<li><a href='?page_no=14597'>14597<\/a><\/li>\n\n\n\n<li><a href='?page_no=14598'>14598<\/a><\/li>\n\n\n\n<li><a>...<\/a><\/li>\n\n\n\n<li><a href='?page_no=36999'>36999<\/a><\/li>\n\n\n\n<li><a href='?page_no=37000'>37000<\/a><\/li>\n\n    \n\t\n\n<li >\n\t<a href='?page_no=14597'>Next<\/a>\n\t<\/li>\n\n\n    \n\n<li><a href='?page_no=37000'>Last &rsaquo;&rsaquo;<\/a><\/li>\n\n<\/ul>\n\n\n--><br \/>\n<\/body><\/p>\n","protected":false},"excerpt":{"rendered":"<p>Por Jhonny Trinidad ? Nueva York, EEUU, 12 de septiembre.- Luis Abinader es la m\u00e1s s\u00f3lida \u00abcarta de triunfo\u00bb con que cuenta el Partido Revolucionario Moderno (PRM) y La Convergencia para ganar las elecciones en 2016, afirm\u00f3 aqu\u00ed su equipo pol\u00edtico. \u00abNuestro candidato es la mejor v\u00eda para llegar al poder, porque puede unificar a [&hellip;]<\/p>\n","protected":false},"author":3,"featured_media":0,"comment_status":"open","ping_status":"open","sticky":false,"template":"","format":"standard","meta":{"footnotes":""},"categories":[22],"tags":[],"class_list":["post-162162","post","type-post","status-publish","format-standard","hentry","category-politica"],"_links":{"self":[{"href":"https:\/\/diariodominicano.com\/index.php?rest_route=\/wp\/v2\/posts\/162162","targetHints":{"allow":["GET"]}}],"collection":[{"href":"https:\/\/diariodominicano.com\/index.php?rest_route=\/wp\/v2\/posts"}],"about":[{"href":"https:\/\/diariodominicano.com\/index.php?rest_route=\/wp\/v2\/types\/post"}],"author":[{"embeddable":true,"href":"https:\/\/diariodominicano.com\/index.php?rest_route=\/wp\/v2\/users\/3"}],"replies":[{"embeddable":true,"href":"https:\/\/diariodominicano.com\/index.php?rest_route=%2Fwp%2Fv2%2Fcomments&post=162162"}],"version-history":[{"count":0,"href":"https:\/\/diariodominicano.com\/index.php?rest_route=\/wp\/v2\/posts\/162162\/revisions"}],"wp:attachment":[{"href":"https:\/\/diariodominicano.com\/index.php?rest_route=%2Fwp%2Fv2%2Fmedia&parent=162162"}],"wp:term":[{"taxonomy":"category","embeddable":true,"href":"https:\/\/diariodominicano.com\/index.php?rest_route=%2Fwp%2Fv2%2Fcategories&post=162162"},{"taxonomy":"post_tag","embeddable":true,"href":"https:\/\/diariodominicano.com\/index.php?rest_route=%2Fwp%2Fv2%2Ftags&post=162162"}],"curies":[{"name":"wp","href":"https:\/\/api.w.org\/{rel}","templated":true}]}}