{"id":162161,"date":"2014-09-12T18:56:29","date_gmt":"2014-09-12T18:56:29","guid":{"rendered":"http:\/\/diariodominicano.ddns.net\/?p=162161"},"modified":"2014-09-12T18:56:29","modified_gmt":"2014-09-12T18:56:29","slug":"francisco-javier-recorrera-este-fin-de-semana-cuatro-provincias-de-la-region-este-del-pais","status":"publish","type":"post","link":"https:\/\/diariodominicano.com\/?p=162161","title":{"rendered":"&#13;&#13;Francisco Javier recorrer\u00e1 este fin de semana cuatro provincias de la regi\u00f3n Este del pa\u00eds"},"content":{"rendered":"<p><body><\/p>\n<p><img decoding=\"async\" src=\"img3\/franciscojavier.jpg\" \/>  <\/p>\n<p><span class=\"text1noticias\"> <\/span><\/p>\n<p><span class=\"text1noticias\">Santo Domingo, RD, 12 de septiembre.-Francisco Javier recorrer\u00e1 este fin de semana cuatro provincias de la regi\u00f3n Este del pa\u00eds en la continuaci\u00f3n de su campa\u00f1a proselitista para la obtenci\u00f3n de la candidatura presidencial del Partido de la Liberaci\u00f3n Dominicana (PLD) y ganar las elecciones nacionales del 2016.<\/span><\/p>\n<\/p>\n<p><span class=\"text1noticias\">Este s\u00e1bado Francisco Javier, estar\u00e1 en la provincia de Hato Mayor en horas de la ma\u00f1ana y en la tarde en la provincia San Pedro de Macor\u00eds.<\/span><\/p>\n<\/p>\n<p><span class=\"text1noticias\">Mientras que el domingo, Francisco Javier, estar\u00e1 en la ma\u00f1ana en la provincia La Romana, y en la tarde en provincia La Altagracia.<\/span><\/p>\n<\/p>\n<p><span class=\"text1noticias\">En cada lugar visitado el estratega pol\u00edtico peledeista se reunir\u00e1 con miembros de la base y dirigentes del PLD, as\u00ed como con empresarios, dirigentes comunitarios, productores agr\u00edcolas, clubes culturales, y otros.<\/span><\/p>\n<\/p>\n<p><span class=\"text1noticias\">Francisco Javier ha prometido reestructurar los barrios pobres para hacer que el progreso llegue a los moradores; cambiar el rostro de las bases peledeistas, es decir, dar oportunidad de progreso a los miembros del partido que se sienten marginados, rescatar el movimiento club\u00edstico para enfrentar la delincuencia y la marginalidad y crear las condiciones para que la juventud pueda acceder a fuentes de trabajo.<\/span><\/p>\n<h6> 2014-09-12 18:56:29 <\/h6>\n<p><!--\n<link rel=\"stylesheet\" href=\"css\/bootstrap.min.css\">\n\n\n<ul class=\"pagination\">\n\t    \n\t\n\n<li >\n\t<a href='?page_no=14594'>Previous<\/a>\n\t<\/li>\n\n\n       \n    \n\n<li><a href='?page_no=1'>1<\/a><\/li>\n\n\n\n<li><a href='?page_no=2'>2<\/a><\/li>\n\n\n\n<li><a>...<\/a><\/li>\n\n\n\n<li><a href='?page_no=14593'>14593<\/a><\/li>\n\n\n\n<li><a href='?page_no=14594'>14594<\/a><\/li>\n\n\n\n<li class='active'><a>14595<\/a><\/li>\n\n\n\n<li><a href='?page_no=14596'>14596<\/a><\/li>\n\n\n\n<li><a href='?page_no=14597'>14597<\/a><\/li>\n\n\n\n<li><a>...<\/a><\/li>\n\n\n\n<li><a href='?page_no=36999'>36999<\/a><\/li>\n\n\n\n<li><a href='?page_no=37000'>37000<\/a><\/li>\n\n    \n\t\n\n<li >\n\t<a href='?page_no=14596'>Next<\/a>\n\t<\/li>\n\n\n    \n\n<li><a href='?page_no=37000'>Last &rsaquo;&rsaquo;<\/a><\/li>\n\n<\/ul>\n\n\n--><br \/>\n<\/body><\/p>\n","protected":false},"excerpt":{"rendered":"<p>Santo Domingo, RD, 12 de septiembre.-Francisco Javier recorrer\u00e1 este fin de semana cuatro provincias de la regi\u00f3n Este del pa\u00eds en la continuaci\u00f3n de su campa\u00f1a proselitista para la obtenci\u00f3n de la candidatura presidencial del Partido de la Liberaci\u00f3n Dominicana (PLD) y ganar las elecciones nacionales del 2016. Este s\u00e1bado Francisco Javier, estar\u00e1 en la [&hellip;]<\/p>\n","protected":false},"author":3,"featured_media":0,"comment_status":"open","ping_status":"open","sticky":false,"template":"","format":"standard","meta":{"footnotes":""},"categories":[22],"tags":[],"class_list":["post-162161","post","type-post","status-publish","format-standard","hentry","category-politica"],"_links":{"self":[{"href":"https:\/\/diariodominicano.com\/index.php?rest_route=\/wp\/v2\/posts\/162161","targetHints":{"allow":["GET"]}}],"collection":[{"href":"https:\/\/diariodominicano.com\/index.php?rest_route=\/wp\/v2\/posts"}],"about":[{"href":"https:\/\/diariodominicano.com\/index.php?rest_route=\/wp\/v2\/types\/post"}],"author":[{"embeddable":true,"href":"https:\/\/diariodominicano.com\/index.php?rest_route=\/wp\/v2\/users\/3"}],"replies":[{"embeddable":true,"href":"https:\/\/diariodominicano.com\/index.php?rest_route=%2Fwp%2Fv2%2Fcomments&post=162161"}],"version-history":[{"count":0,"href":"https:\/\/diariodominicano.com\/index.php?rest_route=\/wp\/v2\/posts\/162161\/revisions"}],"wp:attachment":[{"href":"https:\/\/diariodominicano.com\/index.php?rest_route=%2Fwp%2Fv2%2Fmedia&parent=162161"}],"wp:term":[{"taxonomy":"category","embeddable":true,"href":"https:\/\/diariodominicano.com\/index.php?rest_route=%2Fwp%2Fv2%2Fcategories&post=162161"},{"taxonomy":"post_tag","embeddable":true,"href":"https:\/\/diariodominicano.com\/index.php?rest_route=%2Fwp%2Fv2%2Ftags&post=162161"}],"curies":[{"name":"wp","href":"https:\/\/api.w.org\/{rel}","templated":true}]}}