{"id":162160,"date":"2014-09-12T19:29:18","date_gmt":"2014-09-12T19:29:18","guid":{"rendered":"http:\/\/diariodominicano.ddns.net\/?p=162160"},"modified":"2014-09-12T19:29:18","modified_gmt":"2014-09-12T19:29:18","slug":"ito-bisono-exige-al-gobierno-mas-atencion-para-la-frontera","status":"publish","type":"post","link":"https:\/\/diariodominicano.com\/?p=162160","title":{"rendered":"Ito Bison\u00f3 exige al Gobierno m\u00e1s atenci\u00f3n para la frontera"},"content":{"rendered":"<p><body><\/p>\n<p><img decoding=\"async\" src=\"img3\/ito 12.jpg\" \/>  <\/p>\n<p>Santo Domingo RD 12 septiembre.-El precandidato presidencial del Partido Reformista Social Cristiano (PRSC), V\u00edctor Ito Bison\u00f3, hizo un llamado a que la frontera reciba mayor atenci\u00f3n de las autoridades gubernamentales, por ser la zona que actualmente tiene los mayores \u00edndices de pobreza del pa\u00eds por la ausencia de oferta laboral.<\/p>\n<\/p>\n<p>El dirigente reformista manifest\u00f3 que \u00abDurante las \u00faltimas d\u00e9cadas, hemos visto c\u00f3mo los gobiernos concentran la inversi\u00f3n en las zonas metropolitanas, lo cual ha hecho que amplios sectores del interior, a falta de oportunidades en su comunidad, se trasladen a la ciudad donde tampoco encuentran un empleo digno por factores como la saturaci\u00f3n y esto hace crecer los cordones de miseria\u00bb.<\/p>\n<\/p>\n<p>De igual modo, Bison\u00f3  dijo que respalda las declaraciones de diversos empresarios del pa\u00eds quienes pidieron al Gobierno apoyo para que la inversi\u00f3n en la frontera permita su desarrollo, y as\u00ed imitar proyectos binacionales de \u00e9xito como Codevi del Grupo M, o el de Macas\u00edas de producci\u00f3n agropecuaria en El\u00edas Pi\u00f1a.<\/p>\n<\/p>\n<p>\u00abSoy partidario de que el Gobierno trabaje con el sector privado y tenga un presupuesto justo y balanceado entre todas las provincias. Apostemos por el desarrollo del pa\u00eds en su conjunto\u00bb, fueron las palabras del aspirante presidencial al realizar varias juramentaciones de los nuevos directorios de base del PRSC en el Distrito Nacional.<\/p>\n<\/p>\n<p>Igualmente, estuvo presente en las circunscripci\u00f3n # 1,2,3, en los sectores el Manguito, Cristo Rey, Ensanche Espaillat, Ensanche la Fe Zona Colonial, San Ant\u00f3n, entre otros y durante las juramentaciones el congresista Reformista estuvo acompa\u00f1ado por los dirigentes Martin V\u00e1zquez, Homero Gonz\u00e1lez, Julio Cesar Mart\u00ednez, F\u00e9lix Perdomo, Luis Manuel D\u00edaz, Ram\u00f3n de la Rosa Valois, Carlos Rojas, Mercedes Bobadilla, Osiris Solano, Ram\u00f3n Pe\u00f1a (Perello) y Silvestre de Moya.<\/p>\n<\/p>\n<h6> 2014-09-12 19:29:18 <\/h6>\n<p><!--\n<link rel=\"stylesheet\" href=\"css\/bootstrap.min.css\">\n\n\n<ul class=\"pagination\">\n\t    \n\t\n\n<li >\n\t<a href='?page_no=14593'>Previous<\/a>\n\t<\/li>\n\n\n       \n    \n\n<li><a href='?page_no=1'>1<\/a><\/li>\n\n\n\n<li><a href='?page_no=2'>2<\/a><\/li>\n\n\n\n<li><a>...<\/a><\/li>\n\n\n\n<li><a href='?page_no=14592'>14592<\/a><\/li>\n\n\n\n<li><a href='?page_no=14593'>14593<\/a><\/li>\n\n\n\n<li class='active'><a>14594<\/a><\/li>\n\n\n\n<li><a href='?page_no=14595'>14595<\/a><\/li>\n\n\n\n<li><a href='?page_no=14596'>14596<\/a><\/li>\n\n\n\n<li><a>...<\/a><\/li>\n\n\n\n<li><a href='?page_no=36999'>36999<\/a><\/li>\n\n\n\n<li><a href='?page_no=37000'>37000<\/a><\/li>\n\n    \n\t\n\n<li >\n\t<a href='?page_no=14595'>Next<\/a>\n\t<\/li>\n\n\n    \n\n<li><a href='?page_no=37000'>Last &rsaquo;&rsaquo;<\/a><\/li>\n\n<\/ul>\n\n\n--><br \/>\n<\/body><\/p>\n","protected":false},"excerpt":{"rendered":"<p>Santo Domingo RD 12 septiembre.-El precandidato presidencial del Partido Reformista Social Cristiano (PRSC), V\u00edctor Ito Bison\u00f3, hizo un llamado a que la frontera reciba mayor atenci\u00f3n de las autoridades gubernamentales, por ser la zona que actualmente tiene los mayores \u00edndices de pobreza del pa\u00eds por la ausencia de oferta laboral. El dirigente reformista manifest\u00f3 que [&hellip;]<\/p>\n","protected":false},"author":3,"featured_media":0,"comment_status":"open","ping_status":"open","sticky":false,"template":"","format":"standard","meta":{"footnotes":""},"categories":[22],"tags":[],"class_list":["post-162160","post","type-post","status-publish","format-standard","hentry","category-politica"],"_links":{"self":[{"href":"https:\/\/diariodominicano.com\/index.php?rest_route=\/wp\/v2\/posts\/162160","targetHints":{"allow":["GET"]}}],"collection":[{"href":"https:\/\/diariodominicano.com\/index.php?rest_route=\/wp\/v2\/posts"}],"about":[{"href":"https:\/\/diariodominicano.com\/index.php?rest_route=\/wp\/v2\/types\/post"}],"author":[{"embeddable":true,"href":"https:\/\/diariodominicano.com\/index.php?rest_route=\/wp\/v2\/users\/3"}],"replies":[{"embeddable":true,"href":"https:\/\/diariodominicano.com\/index.php?rest_route=%2Fwp%2Fv2%2Fcomments&post=162160"}],"version-history":[{"count":0,"href":"https:\/\/diariodominicano.com\/index.php?rest_route=\/wp\/v2\/posts\/162160\/revisions"}],"wp:attachment":[{"href":"https:\/\/diariodominicano.com\/index.php?rest_route=%2Fwp%2Fv2%2Fmedia&parent=162160"}],"wp:term":[{"taxonomy":"category","embeddable":true,"href":"https:\/\/diariodominicano.com\/index.php?rest_route=%2Fwp%2Fv2%2Fcategories&post=162160"},{"taxonomy":"post_tag","embeddable":true,"href":"https:\/\/diariodominicano.com\/index.php?rest_route=%2Fwp%2Fv2%2Ftags&post=162160"}],"curies":[{"name":"wp","href":"https:\/\/api.w.org\/{rel}","templated":true}]}}