{"id":162159,"date":"2014-09-12T19:29:37","date_gmt":"2014-09-12T19:29:37","guid":{"rendered":"http:\/\/diariodominicano.ddns.net\/?p=162159"},"modified":"2014-09-12T19:29:37","modified_gmt":"2014-09-12T19:29:37","slug":"recuerdan-experiencia-de-gobierno-de-salvador-allende","status":"publish","type":"post","link":"https:\/\/diariodominicano.com\/?p=162159","title":{"rendered":"&#13;&#13;&#13;Recuerdan experiencia de Gobierno de Salvador Allende"},"content":{"rendered":"<p><body><\/p>\n<p><img decoding=\"async\" src=\"img3\/documental.jpg\" \/><br \/><img decoding=\"async\" src=\"img3\/publicodocumental.jpg\" \/>  <\/p>\n<\/p>\n<p><span class=\"text1noticias\"> <\/span><\/p>\n<p><span class=\"text1noticias\">Santo Domingo, RD, 12 de septiembre. ? El Colectivo pol\u00edtico, Nueva Democracia al cumplirse 41 a\u00f1os este jueves 11 de septiembre del Golpe de Estado que en 1973 se efectuara en contra del Gobierno constitucional de Salvador Allende realiz\u00f3 la proyecci\u00f3n del trabajo documental de Diego Mar\u00edn Verdugo; \u00abEE. UU vs Allende\u00bb en la Biblioteca Nacional Pedro Henr\u00edquez Ure\u00f1a (BNPH), que cont\u00f3 con la participaci\u00f3n de estudiantes y profesionales de diversas \u00e1reas.<\/span><\/p>\n<\/p>\n<p><span class=\"text1noticias\">Este proyecto acabado en el 2009, es una descripci\u00f3n grafica de c\u00f3mo durante m\u00e1s de diez a\u00f1os el Gobierno de Estados Unidos intent\u00f3 impedir que el proyecto revolucionario de Allende llegara por las v\u00edas democr\u00e1ticas a La Moneda, y con el sue\u00f1o de construir un socialismo en democracia, a lo que Allende llam\u00f3 \u00abla V\u00eda Chilena al socialismo\u00bb.  <\/span><\/p>\n<\/p>\n<p><span class=\"text1noticias\">Para Nueva Democracia la recuperaci\u00f3n de la memoria hist\u00f3rica dominicana y latinoamericana es de suma importancia en aras de repensar la construcci\u00f3n de una sociedad diferente y necesaria ante el actual modelo injusto e inhumano.<\/span><\/p>\n<\/p>\n<p><span class=\"text1noticias\">En ese sentido Nueva Democracia tiene en agenda realizar el pr\u00f3ximo 25 de septiembre una jornada antropol\u00f3gica al conmemorarse este d\u00eda los 51 a\u00f1os del derrocamiento del gobierno constitucional del Profesor Juan Bosch, que al igual que Salvador Allende intent\u00f3 hacer cumplir a cabalidad los principios de la democracia de aquel entonces, en favor de las mayor\u00edas. <\/span><\/p>\n<\/p>\n<p><span class=\"text1noticias\">La misma ser\u00e1 en la Biblioteca Nacional Pedro Henr\u00edquez Ure\u00f1a (BNPH) a partir de las 7 de la noche.<\/span><\/p>\n<h6> 2014-09-12 19:29:37 <\/h6>\n<p><!--\n<link rel=\"stylesheet\" href=\"css\/bootstrap.min.css\">\n\n\n<ul class=\"pagination\">\n\t    \n\t\n\n<li >\n\t<a href='?page_no=14592'>Previous<\/a>\n\t<\/li>\n\n\n       \n    \n\n<li><a href='?page_no=1'>1<\/a><\/li>\n\n\n\n<li><a href='?page_no=2'>2<\/a><\/li>\n\n\n\n<li><a>...<\/a><\/li>\n\n\n\n<li><a href='?page_no=14591'>14591<\/a><\/li>\n\n\n\n<li><a href='?page_no=14592'>14592<\/a><\/li>\n\n\n\n<li class='active'><a>14593<\/a><\/li>\n\n\n\n<li><a href='?page_no=14594'>14594<\/a><\/li>\n\n\n\n<li><a href='?page_no=14595'>14595<\/a><\/li>\n\n\n\n<li><a>...<\/a><\/li>\n\n\n\n<li><a href='?page_no=36999'>36999<\/a><\/li>\n\n\n\n<li><a href='?page_no=37000'>37000<\/a><\/li>\n\n    \n\t\n\n<li >\n\t<a href='?page_no=14594'>Next<\/a>\n\t<\/li>\n\n\n    \n\n<li><a href='?page_no=37000'>Last &rsaquo;&rsaquo;<\/a><\/li>\n\n<\/ul>\n\n\n--><br \/>\n<\/body><\/p>\n","protected":false},"excerpt":{"rendered":"<p>Santo Domingo, RD, 12 de septiembre. ? El Colectivo pol\u00edtico, Nueva Democracia al cumplirse 41 a\u00f1os este jueves 11 de septiembre del Golpe de Estado que en 1973 se efectuara en contra del Gobierno constitucional de Salvador Allende realiz\u00f3 la proyecci\u00f3n del trabajo documental de Diego Mar\u00edn Verdugo; \u00abEE. UU vs Allende\u00bb en la Biblioteca [&hellip;]<\/p>\n","protected":false},"author":3,"featured_media":0,"comment_status":"open","ping_status":"open","sticky":false,"template":"","format":"standard","meta":{"footnotes":""},"categories":[22],"tags":[],"class_list":["post-162159","post","type-post","status-publish","format-standard","hentry","category-politica"],"_links":{"self":[{"href":"https:\/\/diariodominicano.com\/index.php?rest_route=\/wp\/v2\/posts\/162159","targetHints":{"allow":["GET"]}}],"collection":[{"href":"https:\/\/diariodominicano.com\/index.php?rest_route=\/wp\/v2\/posts"}],"about":[{"href":"https:\/\/diariodominicano.com\/index.php?rest_route=\/wp\/v2\/types\/post"}],"author":[{"embeddable":true,"href":"https:\/\/diariodominicano.com\/index.php?rest_route=\/wp\/v2\/users\/3"}],"replies":[{"embeddable":true,"href":"https:\/\/diariodominicano.com\/index.php?rest_route=%2Fwp%2Fv2%2Fcomments&post=162159"}],"version-history":[{"count":0,"href":"https:\/\/diariodominicano.com\/index.php?rest_route=\/wp\/v2\/posts\/162159\/revisions"}],"wp:attachment":[{"href":"https:\/\/diariodominicano.com\/index.php?rest_route=%2Fwp%2Fv2%2Fmedia&parent=162159"}],"wp:term":[{"taxonomy":"category","embeddable":true,"href":"https:\/\/diariodominicano.com\/index.php?rest_route=%2Fwp%2Fv2%2Fcategories&post=162159"},{"taxonomy":"post_tag","embeddable":true,"href":"https:\/\/diariodominicano.com\/index.php?rest_route=%2Fwp%2Fv2%2Ftags&post=162159"}],"curies":[{"name":"wp","href":"https:\/\/api.w.org\/{rel}","templated":true}]}}