{"id":162158,"date":"2014-09-12T19:55:14","date_gmt":"2014-09-12T19:55:14","guid":{"rendered":"http:\/\/diariodominicano.ddns.net\/?p=162158"},"modified":"2014-09-12T19:55:14","modified_gmt":"2014-09-12T19:55:14","slug":"aspirante-a-la-presidencia-de-la-jrsc-dice-jovenes-seran-punta-de-lanza-del-prsc","status":"publish","type":"post","link":"https:\/\/diariodominicano.com\/?p=162158","title":{"rendered":"&#13;&#13;Aspirante a la presidencia de la JRSC dice j\u00f3venes ser\u00e1n punta de lanza del PRSC&#13;"},"content":{"rendered":"<p><body><\/p>\n<p><img decoding=\"async\" src=\"img3\/juventud.jpg\" \/>  <\/p>\n<\/p>\n<\/p>\n<p><span class=\"text1noticias\">Dijo que tienen como meta organizar a 250 mil j\u00f3venes en todo el pa\u00eds que servir\u00e1n de plataforma para aportar unos 500 mil votos a los candidatos que presentar\u00e1 el PRSC en la consulta electoral venidera.<\/span><\/p>\n<\/p>\n<p><span class=\"text1noticias\">Indic\u00f3 que en una primera etapa buscan lograr la afiliaci\u00f3n de 100 mil j\u00f3venes, de los cuales ya han logrado inscribir en los \u00faltimos meses un total de 51 mil, \u00abproducto de un trabajo conjunto y unitario que hemos desplegado todos los aspirantes a ocupar posiciones en la nueva direcci\u00f3n del Frente de la Juventud\u00bb.<\/span><\/p>\n<\/p>\n<p><span class=\"text1noticias\">Eddy Antonio, quien es miembro de la Comisi\u00f3n Ejecutiva del PRSC,  manifest\u00f3 que hay un entusiasmo desbordante en el segmento juvenil del nuevo reformismo, \u00abgracias al apoyo y el est\u00edmulo que nos viene dando el presidente de nuestra organizaci\u00f3n, ingeniero Federico Ant\u00fan Batlle (Quique), quien ha llamado a la juventud a empoderarse del partido\u00bb.<\/span><\/p>\n<\/p>\n<p><span class=\"text1noticias\">\u00abLa JRSC ha tomado las calles y los campos convenciendo a la juventud a sumarse al partido colorao y esto ha servido para dinamizar el PRSC en todos los pueblos\u00bb, agreg\u00f3.<\/span><\/p>\n<\/p>\n<p><span class=\"text1noticias\">Dijo que la idea es crear un verdadero Frente de la Juventud, que sea efectivo y funcional, de manera que haga aportes significativos al Partido Reformista con miras a la elecciones de 2016.<\/span><\/p>\n<\/p>\n<p><span class=\"text1noticias\">El dirigente juvenil reformista manifest\u00f3 que de alcanzar la presidencia de la JRSC  desarrollar\u00e1 un amplio  programa de capacitaci\u00f3n pol\u00edtica dirigido a los nuevos militantes a trav\u00e9s del Instituto de Formaci\u00f3n Pol\u00edtica (IFP) Dr. Joaqu\u00edn Balaguer.<\/span><\/p>\n<\/p>\n<p><span class=\"text1noticias\">Sobre el trabajo que viene realizando para ganar la presidencia de la Juventud Reformista Social Cristiana, dijo que ha recorrido el pa\u00eds pueblo por pueblo y ha logrado concitar un amplio respaldo.<\/span><\/p>\n<\/p>\n<p><span class=\"text1noticias\">Manifest\u00f3 que lo propio ha hecho en las diferentes circunscripciones del Distrito Nacional y la provincia Santo Domingo, dos plazas electorales sumamente decisivas.<\/span><\/p>\n<\/p>\n<p><span class=\"text1noticias\">Eddy Antonio manifest\u00f3 que como presidente de la JRSC se centrar\u00eda en la captaci\u00f3n del voto joven, tomando en cuenta que este segmento poblacional representa el 62 por ciento del electorado nacional y la inmensa mayor\u00eda no tiene afiliaci\u00f3n pol\u00edtica, \u00ablo que nos brinda una gran oportunidad para atraer al reformismo a una parte importante de j\u00f3venes\u00bb.<\/span><\/p>\n<\/p>\n<p><span class=\"text1noticias\">Y para ello ?agreg\u00f3- vamos a contar con el apoyo del presidente del partido, Quique Ant\u00fan, quien siempre ha apostado a la juventud para relanzar y posicionar al nuevo PRSC.<\/span><\/p>\n<h6> 2014-09-12 19:55:14 <\/h6>\n<p><!--\n<link rel=\"stylesheet\" href=\"css\/bootstrap.min.css\">\n\n\n<ul class=\"pagination\">\n\t    \n\t\n\n<li >\n\t<a href='?page_no=14591'>Previous<\/a>\n\t<\/li>\n\n\n       \n    \n\n<li><a href='?page_no=1'>1<\/a><\/li>\n\n\n\n<li><a href='?page_no=2'>2<\/a><\/li>\n\n\n\n<li><a>...<\/a><\/li>\n\n\n\n<li><a href='?page_no=14590'>14590<\/a><\/li>\n\n\n\n<li><a href='?page_no=14591'>14591<\/a><\/li>\n\n\n\n<li class='active'><a>14592<\/a><\/li>\n\n\n\n<li><a href='?page_no=14593'>14593<\/a><\/li>\n\n\n\n<li><a href='?page_no=14594'>14594<\/a><\/li>\n\n\n\n<li><a>...<\/a><\/li>\n\n\n\n<li><a href='?page_no=36999'>36999<\/a><\/li>\n\n\n\n<li><a href='?page_no=37000'>37000<\/a><\/li>\n\n    \n\t\n\n<li >\n\t<a href='?page_no=14593'>Next<\/a>\n\t<\/li>\n\n\n    \n\n<li><a href='?page_no=37000'>Last &rsaquo;&rsaquo;<\/a><\/li>\n\n<\/ul>\n\n\n--><br \/>\n<\/body><\/p>\n","protected":false},"excerpt":{"rendered":"<p>Dijo que tienen como meta organizar a 250 mil j\u00f3venes en todo el pa\u00eds que servir\u00e1n de plataforma para aportar unos 500 mil votos a los candidatos que presentar\u00e1 el PRSC en la consulta electoral venidera. Indic\u00f3 que en una primera etapa buscan lograr la afiliaci\u00f3n de 100 mil j\u00f3venes, de los cuales ya han [&hellip;]<\/p>\n","protected":false},"author":3,"featured_media":0,"comment_status":"open","ping_status":"open","sticky":false,"template":"","format":"standard","meta":{"footnotes":""},"categories":[22],"tags":[],"class_list":["post-162158","post","type-post","status-publish","format-standard","hentry","category-politica"],"_links":{"self":[{"href":"https:\/\/diariodominicano.com\/index.php?rest_route=\/wp\/v2\/posts\/162158","targetHints":{"allow":["GET"]}}],"collection":[{"href":"https:\/\/diariodominicano.com\/index.php?rest_route=\/wp\/v2\/posts"}],"about":[{"href":"https:\/\/diariodominicano.com\/index.php?rest_route=\/wp\/v2\/types\/post"}],"author":[{"embeddable":true,"href":"https:\/\/diariodominicano.com\/index.php?rest_route=\/wp\/v2\/users\/3"}],"replies":[{"embeddable":true,"href":"https:\/\/diariodominicano.com\/index.php?rest_route=%2Fwp%2Fv2%2Fcomments&post=162158"}],"version-history":[{"count":0,"href":"https:\/\/diariodominicano.com\/index.php?rest_route=\/wp\/v2\/posts\/162158\/revisions"}],"wp:attachment":[{"href":"https:\/\/diariodominicano.com\/index.php?rest_route=%2Fwp%2Fv2%2Fmedia&parent=162158"}],"wp:term":[{"taxonomy":"category","embeddable":true,"href":"https:\/\/diariodominicano.com\/index.php?rest_route=%2Fwp%2Fv2%2Fcategories&post=162158"},{"taxonomy":"post_tag","embeddable":true,"href":"https:\/\/diariodominicano.com\/index.php?rest_route=%2Fwp%2Fv2%2Ftags&post=162158"}],"curies":[{"name":"wp","href":"https:\/\/api.w.org\/{rel}","templated":true}]}}