{"id":162156,"date":"2014-09-13T04:25:37","date_gmt":"2014-09-13T04:25:37","guid":{"rendered":"http:\/\/diariodominicano.ddns.net\/?p=162156"},"modified":"2014-09-13T04:25:37","modified_gmt":"2014-09-13T04:25:37","slug":"francisco-javier-resalta-la-armonia-interna-entre-los-precandidatos-del-pld","status":"publish","type":"post","link":"https:\/\/diariodominicano.com\/?p=162156","title":{"rendered":"Francisco Javier resalta la armon\u00eda interna entre los precandidatos del PLD"},"content":{"rendered":"<p><body><\/p>\n<p><img decoding=\"async\" src=\"img3\/frankja00.jpg\" \/>  <\/p>\n<\/p>\n<p><span class=\"text1noticias\">SANTO DOMINGO, RD, 12 de Septiembre de 2014.- El precandidato presidencial peledeista, Francisco Javier, destac\u00f3 el clima de armon\u00eda en que se desarrolla la campa\u00f1a interna por la nominaci\u00f3n presidencial del Partido de la Liberaci\u00f3n Dominicana.<\/span><\/p>\n<\/p>\n<p><span class=\"text1noticias\">La declaraci\u00f3n de Francisco Javier se produjo previo al inicio de una reuni\u00f3n entre los precandidatos del PLD, en un restaurante de la capital, en la que estuvieron tambi\u00e9n Reynaldo Pared P\u00e9rez y Juan Temistocles Montas, quienes estaban a la espera de Radham\u00e9s Segura.<\/span><\/p>\n<\/p>\n<p><span class=\"text1noticias\">\u00abLa evaluaci\u00f3n general que tenemos es que el ritmo de la campa\u00f1a interna va bastante bien, el partido se ha dinamizado  y no se ha producido el primer incidente, ni ning\u00fan tipo de dificultad en todos los recorridos en el territorio nacional, y fuera del territorio dominicano\u00bb, expuso Francisco Javier.<\/span><\/p>\n<\/p>\n<p><span class=\"text1noticias\">Puso como ejemplo el caso de que, en una ocasi\u00f3n, su compa\u00f1ero Reynaldo  declin\u00f3 de realizar una actividad porque le chocar\u00eda con otra de Francisco Javier.<\/span><\/p>\n<\/p>\n<p><span class=\"text1noticias\">Manifest\u00f3 que lo que se procura es hacer que la campa\u00f1a que se est\u00e1 desarrollando a lo interno del Partido de la Liberaci\u00f3n Dominicana se enmarque \u00abdentro de los lineamientos que todos queremos, de altura, y positiva.<\/span><\/p>\n<\/p>\n<p><span class=\"text1noticias\">Francisco Javier inform\u00f3 que la reuni\u00f3n de evaluaci\u00f3n  entre los precandidatos presidenciales peledeistas se har\u00e1 de manera peri\u00f3dica.<\/span><\/p>\n<\/p>\n<p><strong><span class=\"text1noticias\"> <\/span><\/strong><\/p>\n<p><strong><span class=\"text1noticias\">Recorrer\u00e1 la regi\u00f3n Este<\/span><\/strong><\/p>\n<p><span class=\"text1noticias\"> <\/span><\/p>\n<p><span class=\"text1noticias\">Francisco Javier recorrer\u00e1 este fin de semana cuatro provincias de la regi\u00f3n Este del pa\u00eds en la continuaci\u00f3n de su campa\u00f1a proselitista para la obtenci\u00f3n de la candidatura presidencial del Partido de la Liberaci\u00f3n Dominicana (PLD) y ganar las elecciones nacionales del 2016.<\/span><\/p>\n<\/p>\n<p><span class=\"text1noticias\">Este s\u00e1bado Francisco Javier, estar\u00e1 en la provincia de Hato Mayor en horas de la ma\u00f1ana y en la tarde en la provincia San Pedro de Macor\u00eds.<\/span><\/p>\n<\/p>\n<p><span class=\"text1noticias\">Mientras que el domingo, Francisco Javier, estar\u00e1 en la ma\u00f1ana en la provincia La Romana, y en la tarde en provincia La Altagracia.<\/span><\/p>\n<\/p>\n<p><span class=\"text1noticias\">En cada lugar visitado el estratega pol\u00edtico peledeista se reunir\u00e1 con miembros de la base y dirigentes del PLD, as\u00ed como con empresarios, dirigentes comunitarios, productores agr\u00edcolas, clubes culturales, y otros.<\/span><\/p>\n<p><span class=\"text1noticias\"> <\/span><\/p>\n<\/p>\n<\/p>\n<\/p>\n<\/p>\n<h6> 2014-09-13 04:25:37 <\/h6>\n<p><!--\n<link rel=\"stylesheet\" href=\"css\/bootstrap.min.css\">\n\n\n<ul class=\"pagination\">\n\t    \n\t\n\n<li >\n\t<a href='?page_no=14589'>Previous<\/a>\n\t<\/li>\n\n\n       \n    \n\n<li><a href='?page_no=1'>1<\/a><\/li>\n\n\n\n<li><a href='?page_no=2'>2<\/a><\/li>\n\n\n\n<li><a>...<\/a><\/li>\n\n\n\n<li><a href='?page_no=14588'>14588<\/a><\/li>\n\n\n\n<li><a href='?page_no=14589'>14589<\/a><\/li>\n\n\n\n<li class='active'><a>14590<\/a><\/li>\n\n\n\n<li><a href='?page_no=14591'>14591<\/a><\/li>\n\n\n\n<li><a href='?page_no=14592'>14592<\/a><\/li>\n\n\n\n<li><a>...<\/a><\/li>\n\n\n\n<li><a href='?page_no=36999'>36999<\/a><\/li>\n\n\n\n<li><a href='?page_no=37000'>37000<\/a><\/li>\n\n    \n\t\n\n<li >\n\t<a href='?page_no=14591'>Next<\/a>\n\t<\/li>\n\n\n    \n\n<li><a href='?page_no=37000'>Last &rsaquo;&rsaquo;<\/a><\/li>\n\n<\/ul>\n\n\n--><br \/>\n<\/body><\/p>\n","protected":false},"excerpt":{"rendered":"<p>SANTO DOMINGO, RD, 12 de Septiembre de 2014.- El precandidato presidencial peledeista, Francisco Javier, destac\u00f3 el clima de armon\u00eda en que se desarrolla la campa\u00f1a interna por la nominaci\u00f3n presidencial del Partido de la Liberaci\u00f3n Dominicana. La declaraci\u00f3n de Francisco Javier se produjo previo al inicio de una reuni\u00f3n entre los precandidatos del PLD, en [&hellip;]<\/p>\n","protected":false},"author":3,"featured_media":0,"comment_status":"open","ping_status":"open","sticky":false,"template":"","format":"standard","meta":{"footnotes":""},"categories":[22],"tags":[],"class_list":["post-162156","post","type-post","status-publish","format-standard","hentry","category-politica"],"_links":{"self":[{"href":"https:\/\/diariodominicano.com\/index.php?rest_route=\/wp\/v2\/posts\/162156","targetHints":{"allow":["GET"]}}],"collection":[{"href":"https:\/\/diariodominicano.com\/index.php?rest_route=\/wp\/v2\/posts"}],"about":[{"href":"https:\/\/diariodominicano.com\/index.php?rest_route=\/wp\/v2\/types\/post"}],"author":[{"embeddable":true,"href":"https:\/\/diariodominicano.com\/index.php?rest_route=\/wp\/v2\/users\/3"}],"replies":[{"embeddable":true,"href":"https:\/\/diariodominicano.com\/index.php?rest_route=%2Fwp%2Fv2%2Fcomments&post=162156"}],"version-history":[{"count":0,"href":"https:\/\/diariodominicano.com\/index.php?rest_route=\/wp\/v2\/posts\/162156\/revisions"}],"wp:attachment":[{"href":"https:\/\/diariodominicano.com\/index.php?rest_route=%2Fwp%2Fv2%2Fmedia&parent=162156"}],"wp:term":[{"taxonomy":"category","embeddable":true,"href":"https:\/\/diariodominicano.com\/index.php?rest_route=%2Fwp%2Fv2%2Fcategories&post=162156"},{"taxonomy":"post_tag","embeddable":true,"href":"https:\/\/diariodominicano.com\/index.php?rest_route=%2Fwp%2Fv2%2Ftags&post=162156"}],"curies":[{"name":"wp","href":"https:\/\/api.w.org\/{rel}","templated":true}]}}