{"id":162154,"date":"2014-09-13T15:13:47","date_gmt":"2014-09-13T15:13:47","guid":{"rendered":"http:\/\/diariodominicano.ddns.net\/?p=162154"},"modified":"2014-09-13T15:13:47","modified_gmt":"2014-09-13T15:13:47","slug":"insisten-en-proclamar-a-miguel-vargas-candidato-prd-en-convencion-manana-domingo","status":"publish","type":"post","link":"https:\/\/diariodominicano.com\/?p=162154","title":{"rendered":"Insisten en proclamar a Miguel Vargas candidato PRD en convenci\u00f3n ma\u00f1ana domingo"},"content":{"rendered":"<p><body><\/p>\n<p><img decoding=\"async\" src=\"img3\/miguel 13.jpg\" \/>  <\/p>\n<\/p>\n<p>Previo a la convenci\u00f3n nacional de delegados que celebrar\u00e1 este domingo el Partido Revolucionario Dominicano (PRD), siguen surgiendo voces de dirigentes postulando para que en el evento, m\u00e1ximo organismo normativo de la entidad, se adopten las medidas de lugar para proclamar a Miguel Vargas Maldonado candidato presidencial para las elecciones del pr\u00f3ximo  2016.<\/p>\n<\/p>\n<p>En ese sentido, el dirigente Pedro Richardson, secretario de Asuntos Municipales del PRD, se uni\u00f3 al diputado Carlos Gabriel Garc\u00eda, en la idea de que Vargas Maldonado sea proclamado candidato presidencial en dicha asamblea.<\/p>\n<\/p>\n<p>Richardson, adem\u00e1s director de la Federaci\u00f3n Dominicana de Distritos Municipales (FEDODIM), dijo que proclamar a Vargas le permitir\u00e1 al partido blanco \u00abrecuperar el tiempo perdido en el ambiente de disidencia y discordias que produjeron las contradicciones del grupo de dirigentes y figuras del partido que terminaron abandonando a la organizaci\u00f3n y formando tienda aparte.<\/p>\n<\/p>\n<p>A\u00f1adi\u00f3 que al respaldar la propuesta interpreta el sentir del municipalismo perrede\u00edsta, integrado por alcaldes, regidores, directores de distritos municipales y vocales.<\/p>\n<\/p>\n<p>Atribuy\u00f3 la posici\u00f3n a que \u00absomos uno de los sectores que con m\u00e1s ah\u00ednco hemos venido respaldando que Miguel sea, no s\u00f3lo de nuevo presidente del PRD,  sino adem\u00e1s su candidato presidencial para 2016, por ser el mejor activo con que contamos los dominicanos y dominicanas que aspiramos a darle un cambio de rumbo al pa\u00eds en las pr\u00f3ximas elecciones\u00bb.<\/p>\n<\/p>\n<\/p>\n<p>Invitados internacionales<\/p>\n<\/p>\n<p>Estadistas y destacados dirigentes latinoamericanos estar\u00e1n presentes en el evento que proclamar\u00e1 a Vargas Maldonado como presidente del PRD y a las dem\u00e1s autoridades perrede\u00edstas electas para el per\u00edodo 2014-2018, explica un despacho de prensa.<\/p>\n<\/p>\n<p>A\u00f1ade que Peggy Cabral, presidenta en funciones y secretaria de Asuntos Internacionales del PRD, inform\u00f3 que \u00abla juramentaci\u00f3n de Vargas Maldonado quien es vicepresidente mundial de la Internacional Socialista y presidente de su Comit\u00e9 para Am\u00e9rica Latina y el Caribe, SICLAC, es de especial trascendencia para la socialdemocracia y la dirigencia pol\u00edtica latinoamericana\u00bb.<\/p>\n<\/p>\n<p>Expuso que en el caso de la familia perrede\u00edsta el evento de este domingo es muy importante, ya que inaugura una nueva etapa de renovaci\u00f3n, crecimiento y trabajos del partido en beneficio del pueblo dominicano.<\/p>\n<\/p>\n<h6> 2014-09-13 15:13:47 <\/h6>\n<p><!--\n<link rel=\"stylesheet\" href=\"css\/bootstrap.min.css\">\n\n\n<ul class=\"pagination\">\n\t    \n\t\n\n<li >\n\t<a href='?page_no=14588'>Previous<\/a>\n\t<\/li>\n\n\n       \n    \n\n<li><a href='?page_no=1'>1<\/a><\/li>\n\n\n\n<li><a href='?page_no=2'>2<\/a><\/li>\n\n\n\n<li><a>...<\/a><\/li>\n\n\n\n<li><a href='?page_no=14587'>14587<\/a><\/li>\n\n\n\n<li><a href='?page_no=14588'>14588<\/a><\/li>\n\n\n\n<li class='active'><a>14589<\/a><\/li>\n\n\n\n<li><a href='?page_no=14590'>14590<\/a><\/li>\n\n\n\n<li><a href='?page_no=14591'>14591<\/a><\/li>\n\n\n\n<li><a>...<\/a><\/li>\n\n\n\n<li><a href='?page_no=36999'>36999<\/a><\/li>\n\n\n\n<li><a href='?page_no=37000'>37000<\/a><\/li>\n\n    \n\t\n\n<li >\n\t<a href='?page_no=14590'>Next<\/a>\n\t<\/li>\n\n\n    \n\n<li><a href='?page_no=37000'>Last &rsaquo;&rsaquo;<\/a><\/li>\n\n<\/ul>\n\n\n--><br \/>\n<\/body><\/p>\n","protected":false},"excerpt":{"rendered":"<p>Previo a la convenci\u00f3n nacional de delegados que celebrar\u00e1 este domingo el Partido Revolucionario Dominicano (PRD), siguen surgiendo voces de dirigentes postulando para que en el evento, m\u00e1ximo organismo normativo de la entidad, se adopten las medidas de lugar para proclamar a Miguel Vargas Maldonado candidato presidencial para las elecciones del pr\u00f3ximo 2016. En ese [&hellip;]<\/p>\n","protected":false},"author":3,"featured_media":0,"comment_status":"open","ping_status":"open","sticky":false,"template":"","format":"standard","meta":{"footnotes":""},"categories":[22],"tags":[],"class_list":["post-162154","post","type-post","status-publish","format-standard","hentry","category-politica"],"_links":{"self":[{"href":"https:\/\/diariodominicano.com\/index.php?rest_route=\/wp\/v2\/posts\/162154","targetHints":{"allow":["GET"]}}],"collection":[{"href":"https:\/\/diariodominicano.com\/index.php?rest_route=\/wp\/v2\/posts"}],"about":[{"href":"https:\/\/diariodominicano.com\/index.php?rest_route=\/wp\/v2\/types\/post"}],"author":[{"embeddable":true,"href":"https:\/\/diariodominicano.com\/index.php?rest_route=\/wp\/v2\/users\/3"}],"replies":[{"embeddable":true,"href":"https:\/\/diariodominicano.com\/index.php?rest_route=%2Fwp%2Fv2%2Fcomments&post=162154"}],"version-history":[{"count":0,"href":"https:\/\/diariodominicano.com\/index.php?rest_route=\/wp\/v2\/posts\/162154\/revisions"}],"wp:attachment":[{"href":"https:\/\/diariodominicano.com\/index.php?rest_route=%2Fwp%2Fv2%2Fmedia&parent=162154"}],"wp:term":[{"taxonomy":"category","embeddable":true,"href":"https:\/\/diariodominicano.com\/index.php?rest_route=%2Fwp%2Fv2%2Fcategories&post=162154"},{"taxonomy":"post_tag","embeddable":true,"href":"https:\/\/diariodominicano.com\/index.php?rest_route=%2Fwp%2Fv2%2Ftags&post=162154"}],"curies":[{"name":"wp","href":"https:\/\/api.w.org\/{rel}","templated":true}]}}