{"id":162153,"date":"2014-09-13T15:18:41","date_gmt":"2014-09-13T15:18:41","guid":{"rendered":"http:\/\/diariodominicano.ddns.net\/?p=162153"},"modified":"2014-09-13T15:18:41","modified_gmt":"2014-09-13T15:18:41","slug":"movimiento-acciona-rd-proclamara-candidatura-de-leonel-para-el-2016","status":"publish","type":"post","link":"https:\/\/diariodominicano.com\/?p=162153","title":{"rendered":"Movimiento Acciona-RD proclamar\u00e1 candidatura de Leonel para el 2016  &#13;"},"content":{"rendered":"<p><body><\/p>\n<p><img decoding=\"async\" src=\"img3\/acciona 13.jpg\" \/>  <\/p>\n<p>San Francisco de Macor\u00eds RD 13 septiembre.  Miles de simpatizantes del Movimiento C\u00edvico Acciona Rep\u00fablica Dominicana (MCARD), proclamaran este s\u00e1bado 13 la candidatura de Leonel Fern\u00e1ndez para las pr\u00f3ximas elecciones, en un gran acto que realizar\u00e1n en la Ciudad de Ganadera de San Francisco de Macor\u00eds a las 4: 00 PM.<\/p>\n<\/p>\n<p>Acciona concentrar\u00e1 sus principales dirigentes de las provincias del nordeste en un gran acto que contar\u00e1 con la presencia del expresidente Leonel Fern\u00e1ndez y en la que pretenden hacer la proclama de solicitud formar para que acepte ser candidato presidencial para las elecciones del 2016.<\/p>\n<\/p>\n<p>El Movimiento C\u00edvico Acciona  fue el primer movimiento en hacer p\u00fablico su respaldo a Fern\u00e1ndez y ha mostrado un activismo permanente en las principales provincias del pa\u00eds promoviendo la propuesta del regreso al poder del exmandatario.<\/p>\n<\/p>\n<p>Bajo la consigna \u00abPara que siga el progreso\u00bb, Acciona rescata los importantes aportes legados a la sociedad dominicana por los gobiernos de Fern\u00e1ndez al enfatizar que durante este periodo se han gestado las pol\u00edticas p\u00fablicas adecuadas logrando crear m\u00e1s de 650 mil nuevos empleos, 8% de crecimiento econ\u00f3mico anual, el fin del aislamiento internacional del pa\u00eds, modernizaci\u00f3n de instituciones gubernamentales, importantes obras p\u00fablicas y la hoja de ruta para las pr\u00f3ximas d\u00e9cadas: la Estrategia Nacional de Desarrollo.<\/p>\n<\/p>\n<p>La actividad contar\u00e1 con la presencia de empresarios y emprendedores de primera generaci\u00f3n quienes estar\u00e1n presentando testimonio del impacto positivo de las pol\u00edticas p\u00fablicas en beneficio de las PyMES, los emprendedores y profesionales puestas en ejecuci\u00f3n durante los gobiernos de Fern\u00e1ndez.<\/p>\n<\/p>\n<p>\u00abEstamos interpretando el sentir de los y las j\u00f3venes que anhelamos por el afianzamiento de los actuales niveles de progreso que vive nuestra naci\u00f3n en diversos aspectos, pero que entiende que este progreso debe de seguir para que pueda permear a todos los niveles y que se logre la disminuci\u00f3n de los niveles de pobreza y exclusi\u00f3n social\u00bb, expres\u00f3 R\u00f3mulo Vallejo su presidente.<\/p>\n<\/p>\n<h6> 2014-09-13 15:18:41 <\/h6>\n<p><!--\n<link rel=\"stylesheet\" href=\"css\/bootstrap.min.css\">\n\n\n<ul class=\"pagination\">\n\t    \n\t\n\n<li >\n\t<a href='?page_no=14587'>Previous<\/a>\n\t<\/li>\n\n\n       \n    \n\n<li><a href='?page_no=1'>1<\/a><\/li>\n\n\n\n<li><a href='?page_no=2'>2<\/a><\/li>\n\n\n\n<li><a>...<\/a><\/li>\n\n\n\n<li><a href='?page_no=14586'>14586<\/a><\/li>\n\n\n\n<li><a href='?page_no=14587'>14587<\/a><\/li>\n\n\n\n<li class='active'><a>14588<\/a><\/li>\n\n\n\n<li><a href='?page_no=14589'>14589<\/a><\/li>\n\n\n\n<li><a href='?page_no=14590'>14590<\/a><\/li>\n\n\n\n<li><a>...<\/a><\/li>\n\n\n\n<li><a href='?page_no=36999'>36999<\/a><\/li>\n\n\n\n<li><a href='?page_no=37000'>37000<\/a><\/li>\n\n    \n\t\n\n<li >\n\t<a href='?page_no=14589'>Next<\/a>\n\t<\/li>\n\n\n    \n\n<li><a href='?page_no=37000'>Last &rsaquo;&rsaquo;<\/a><\/li>\n\n<\/ul>\n\n\n--><br \/>\n<\/body><\/p>\n","protected":false},"excerpt":{"rendered":"<p>San Francisco de Macor\u00eds RD 13 septiembre. Miles de simpatizantes del Movimiento C\u00edvico Acciona Rep\u00fablica Dominicana (MCARD), proclamaran este s\u00e1bado 13 la candidatura de Leonel Fern\u00e1ndez para las pr\u00f3ximas elecciones, en un gran acto que realizar\u00e1n en la Ciudad de Ganadera de San Francisco de Macor\u00eds a las 4: 00 PM. Acciona concentrar\u00e1 sus principales [&hellip;]<\/p>\n","protected":false},"author":3,"featured_media":0,"comment_status":"open","ping_status":"open","sticky":false,"template":"","format":"standard","meta":{"footnotes":""},"categories":[22],"tags":[],"class_list":["post-162153","post","type-post","status-publish","format-standard","hentry","category-politica"],"_links":{"self":[{"href":"https:\/\/diariodominicano.com\/index.php?rest_route=\/wp\/v2\/posts\/162153","targetHints":{"allow":["GET"]}}],"collection":[{"href":"https:\/\/diariodominicano.com\/index.php?rest_route=\/wp\/v2\/posts"}],"about":[{"href":"https:\/\/diariodominicano.com\/index.php?rest_route=\/wp\/v2\/types\/post"}],"author":[{"embeddable":true,"href":"https:\/\/diariodominicano.com\/index.php?rest_route=\/wp\/v2\/users\/3"}],"replies":[{"embeddable":true,"href":"https:\/\/diariodominicano.com\/index.php?rest_route=%2Fwp%2Fv2%2Fcomments&post=162153"}],"version-history":[{"count":0,"href":"https:\/\/diariodominicano.com\/index.php?rest_route=\/wp\/v2\/posts\/162153\/revisions"}],"wp:attachment":[{"href":"https:\/\/diariodominicano.com\/index.php?rest_route=%2Fwp%2Fv2%2Fmedia&parent=162153"}],"wp:term":[{"taxonomy":"category","embeddable":true,"href":"https:\/\/diariodominicano.com\/index.php?rest_route=%2Fwp%2Fv2%2Fcategories&post=162153"},{"taxonomy":"post_tag","embeddable":true,"href":"https:\/\/diariodominicano.com\/index.php?rest_route=%2Fwp%2Fv2%2Ftags&post=162153"}],"curies":[{"name":"wp","href":"https:\/\/api.w.org\/{rel}","templated":true}]}}