{"id":162152,"date":"2014-09-13T15:28:35","date_gmt":"2014-09-13T15:28:35","guid":{"rendered":"http:\/\/diariodominicano.ddns.net\/?p=162152"},"modified":"2014-09-13T15:28:35","modified_gmt":"2014-09-13T15:28:35","slug":"jovenes-del-pri-protestan-vestido-de-verde-a-favor-de-loma-miranda","status":"publish","type":"post","link":"https:\/\/diariodominicano.com\/?p=162152","title":{"rendered":"J\u00f3venes del PRI protestan vestido de verde a favor de Loma Miranda"},"content":{"rendered":"<p><body><\/p>\n<p><img decoding=\"async\" src=\"img3\/verde 13.jpg\" \/>  <\/p>\n<p>Santo Domingo RD 13 septiembre. Decenas de j\u00f3venes pertenecientes al Partido Revolucionario Independiente (PRI) marcharon este s\u00e1bado a favor de que Loma Miranda sea declarada parque nacional.<\/p>\n<\/p>\n<p>Vestidos con camisetas verdes, portando pancartas, y la Bandera Nacional y del PRI, los j\u00f3venes partieron desde la sede de esa organizaci\u00f3n pol\u00edtica y atravesaron las calles Jos\u00e9 Joaqu\u00edn P\u00e9rez y Santiago con el objetivo de llegar hasta el Parque Independencia.<\/p>\n<\/p>\n<p>Los manifestantes, que recorren las calles vociferando consignas como \u00abLoma Miranda parque nacional\u00bb y \u00abse siente, se siente, Loma Miranda est\u00e1 presente\u00bb, son escoltados por un amplio contingente policial, que triplica la cantidad de personas que protestan para que la zona no sea explotada.<\/p>\n<\/p>\n<p>A la manifestaci\u00f3n tambi\u00e9n se han unido personas con discapacidades f\u00edsicas que se identifican con la causa. <\/p>\n<\/p>\n<p>Hasta el momento, la manifestaci\u00f3n se desarrolla en orden y sin enfrentamientos con los agentes policiales.<\/p>\n<h6> 2014-09-13 15:28:35 <\/h6>\n<p><!--\n<link rel=\"stylesheet\" href=\"css\/bootstrap.min.css\">\n\n\n<ul class=\"pagination\">\n\t    \n\t\n\n<li >\n\t<a href='?page_no=14586'>Previous<\/a>\n\t<\/li>\n\n\n       \n    \n\n<li><a href='?page_no=1'>1<\/a><\/li>\n\n\n\n<li><a href='?page_no=2'>2<\/a><\/li>\n\n\n\n<li><a>...<\/a><\/li>\n\n\n\n<li><a href='?page_no=14585'>14585<\/a><\/li>\n\n\n\n<li><a href='?page_no=14586'>14586<\/a><\/li>\n\n\n\n<li class='active'><a>14587<\/a><\/li>\n\n\n\n<li><a href='?page_no=14588'>14588<\/a><\/li>\n\n\n\n<li><a href='?page_no=14589'>14589<\/a><\/li>\n\n\n\n<li><a>...<\/a><\/li>\n\n\n\n<li><a href='?page_no=36999'>36999<\/a><\/li>\n\n\n\n<li><a href='?page_no=37000'>37000<\/a><\/li>\n\n    \n\t\n\n<li >\n\t<a href='?page_no=14588'>Next<\/a>\n\t<\/li>\n\n\n    \n\n<li><a href='?page_no=37000'>Last &rsaquo;&rsaquo;<\/a><\/li>\n\n<\/ul>\n\n\n--><br \/>\n<\/body><\/p>\n","protected":false},"excerpt":{"rendered":"<p>Santo Domingo RD 13 septiembre. Decenas de j\u00f3venes pertenecientes al Partido Revolucionario Independiente (PRI) marcharon este s\u00e1bado a favor de que Loma Miranda sea declarada parque nacional. Vestidos con camisetas verdes, portando pancartas, y la Bandera Nacional y del PRI, los j\u00f3venes partieron desde la sede de esa organizaci\u00f3n pol\u00edtica y atravesaron las calles Jos\u00e9 [&hellip;]<\/p>\n","protected":false},"author":3,"featured_media":0,"comment_status":"open","ping_status":"open","sticky":false,"template":"","format":"standard","meta":{"footnotes":""},"categories":[22],"tags":[],"class_list":["post-162152","post","type-post","status-publish","format-standard","hentry","category-politica"],"_links":{"self":[{"href":"https:\/\/diariodominicano.com\/index.php?rest_route=\/wp\/v2\/posts\/162152","targetHints":{"allow":["GET"]}}],"collection":[{"href":"https:\/\/diariodominicano.com\/index.php?rest_route=\/wp\/v2\/posts"}],"about":[{"href":"https:\/\/diariodominicano.com\/index.php?rest_route=\/wp\/v2\/types\/post"}],"author":[{"embeddable":true,"href":"https:\/\/diariodominicano.com\/index.php?rest_route=\/wp\/v2\/users\/3"}],"replies":[{"embeddable":true,"href":"https:\/\/diariodominicano.com\/index.php?rest_route=%2Fwp%2Fv2%2Fcomments&post=162152"}],"version-history":[{"count":0,"href":"https:\/\/diariodominicano.com\/index.php?rest_route=\/wp\/v2\/posts\/162152\/revisions"}],"wp:attachment":[{"href":"https:\/\/diariodominicano.com\/index.php?rest_route=%2Fwp%2Fv2%2Fmedia&parent=162152"}],"wp:term":[{"taxonomy":"category","embeddable":true,"href":"https:\/\/diariodominicano.com\/index.php?rest_route=%2Fwp%2Fv2%2Fcategories&post=162152"},{"taxonomy":"post_tag","embeddable":true,"href":"https:\/\/diariodominicano.com\/index.php?rest_route=%2Fwp%2Fv2%2Ftags&post=162152"}],"curies":[{"name":"wp","href":"https:\/\/api.w.org\/{rel}","templated":true}]}}