{"id":162151,"date":"2014-09-13T18:04:51","date_gmt":"2014-09-13T18:04:51","guid":{"rendered":"http:\/\/diariodominicano.ddns.net\/?p=162151"},"modified":"2014-09-13T18:04:51","modified_gmt":"2014-09-13T18:04:51","slug":"yanet-camilo-advierte-quienes-se-fueron-al-prm-correran-la-misma-suerte-que-los-que-se-han-ido-del-prd","status":"publish","type":"post","link":"https:\/\/diariodominicano.com\/?p=162151","title":{"rendered":"Yanet Camilo advierte quienes se fueron al PRM correr\u00e1n la misma suerte que los que se han ido del PRD"},"content":{"rendered":"<p><body><\/p>\n<p><img decoding=\"async\" src=\"img3\/yanet.jpg\" \/>  <\/p>\n<p><span class=\"text1noticias\">Santo Domingo, RD, 13 de Septiembre.-La presidenta de la Federaci\u00f3n Dominicana de Mujeres Socialdem\u00f3cratas (FEDOMUSDE), Yanet Camilo advirti\u00f3 que los dirigentes que abandonaron al Partido Revolucionario Dominicano (PRD), para formar el Partido Revolucionario Moderno (PRM), se disminuir\u00e1n pol\u00edticamente como les ocurri\u00f3 a los que anteriormente salieron de ese partido para militar en otras parcelas pol\u00edticas.<\/span><\/p>\n<\/p>\n<p><span class=\"text1noticias\">Entrevistada en el programa Agenda Semanal que produce el periodista Balbueno Medina, todos los s\u00e1bados a las 12 del mediod\u00eda por Santo Domingo Tv, canales 69 de UHF y 24 de los sistemas nacional de cable, la dirigente del partido blanco considero que los que formaron el PRM, antes de abandonar al PRD, debieron verse en el espejo de Juan Bosch, Hatuey Decamps, Jacobo Majluta y otros que jamas pudieron llegar al poder, luego que abandonaran las filas de ese partido.<\/span><\/p>\n<\/p>\n<p><span class=\"text1noticias\">La doctora Yanet Camilo, le record\u00f3 asimismo a los perredeistas que formaron el PRM, que contrario al abismo en que han ca\u00eddo todos los dirigentes que han abandonado al PRD, esa organizaci\u00f3n pol\u00edtica se ha sabido levantar en mas de una ocasi\u00f3n, raz\u00f3n por la cual ha demostrado que se encuentra por encima de sus dirigentes.<\/span><\/p>\n<\/p>\n<p><span class=\"text1noticias\">La presidenta de FEDOMUSDE, consider\u00f3 que antes de dar el paso de formar el PRM, los perredeistas, debieron esperar que pasara todo lo concerniente al proceso interno llevado a cabo por esa organizaaci\u00f3n pol\u00edtica para abocarse a un proceso de reunificacion en base a propuestas y demandas que les permitieran seguir en la casa que todos construyeron. <\/span><\/p>\n<\/p>\n<p><span class=\"text1noticias\">La pol\u00edtica y abogada, sostuvo que ella se vio en la misma posici\u00f3n que quienes decidieron formar el PRM, pero que reflexion\u00f3 sobre su futuro pol\u00edtico y del da\u00f1o que ocasionaba al PRD, si lo abandonaba en medio de una de las crisis mas prolongada y profundas de las que ha tenido ese partido.<\/span><\/p>\n<\/p>\n<p><span class=\"text1noticias\">La presidenta de FEDOMUSDE confi\u00f3 en que el partido blanco saldr\u00e1 fortalecido de la convenci\u00f3n  que celebrara este domingo para proclamar sus nuevas autoridades y dijo que tan pronto en la misma entregue la presidencia de ese organismo se dedicara a trabajar en la vertebraci\u00f3n de un proyecto pol\u00edtico de cara al 2016, en el nivel Congresional.(HG)<\/span>.<\/p>\n<h6> 2014-09-13 18:04:51 <\/h6>\n<p><!--\n<link rel=\"stylesheet\" href=\"css\/bootstrap.min.css\">\n\n\n<ul class=\"pagination\">\n\t    \n\t\n\n<li >\n\t<a href='?page_no=14585'>Previous<\/a>\n\t<\/li>\n\n\n       \n    \n\n<li><a href='?page_no=1'>1<\/a><\/li>\n\n\n\n<li><a href='?page_no=2'>2<\/a><\/li>\n\n\n\n<li><a>...<\/a><\/li>\n\n\n\n<li><a href='?page_no=14584'>14584<\/a><\/li>\n\n\n\n<li><a href='?page_no=14585'>14585<\/a><\/li>\n\n\n\n<li class='active'><a>14586<\/a><\/li>\n\n\n\n<li><a href='?page_no=14587'>14587<\/a><\/li>\n\n\n\n<li><a href='?page_no=14588'>14588<\/a><\/li>\n\n\n\n<li><a>...<\/a><\/li>\n\n\n\n<li><a href='?page_no=36999'>36999<\/a><\/li>\n\n\n\n<li><a href='?page_no=37000'>37000<\/a><\/li>\n\n    \n\t\n\n<li >\n\t<a href='?page_no=14587'>Next<\/a>\n\t<\/li>\n\n\n    \n\n<li><a href='?page_no=37000'>Last &rsaquo;&rsaquo;<\/a><\/li>\n\n<\/ul>\n\n\n--><br \/>\n<\/body><\/p>\n","protected":false},"excerpt":{"rendered":"<p>Santo Domingo, RD, 13 de Septiembre.-La presidenta de la Federaci\u00f3n Dominicana de Mujeres Socialdem\u00f3cratas (FEDOMUSDE), Yanet Camilo advirti\u00f3 que los dirigentes que abandonaron al Partido Revolucionario Dominicano (PRD), para formar el Partido Revolucionario Moderno (PRM), se disminuir\u00e1n pol\u00edticamente como les ocurri\u00f3 a los que anteriormente salieron de ese partido para militar en otras parcelas pol\u00edticas. [&hellip;]<\/p>\n","protected":false},"author":3,"featured_media":0,"comment_status":"open","ping_status":"open","sticky":false,"template":"","format":"standard","meta":{"footnotes":""},"categories":[22],"tags":[],"class_list":["post-162151","post","type-post","status-publish","format-standard","hentry","category-politica"],"_links":{"self":[{"href":"https:\/\/diariodominicano.com\/index.php?rest_route=\/wp\/v2\/posts\/162151","targetHints":{"allow":["GET"]}}],"collection":[{"href":"https:\/\/diariodominicano.com\/index.php?rest_route=\/wp\/v2\/posts"}],"about":[{"href":"https:\/\/diariodominicano.com\/index.php?rest_route=\/wp\/v2\/types\/post"}],"author":[{"embeddable":true,"href":"https:\/\/diariodominicano.com\/index.php?rest_route=\/wp\/v2\/users\/3"}],"replies":[{"embeddable":true,"href":"https:\/\/diariodominicano.com\/index.php?rest_route=%2Fwp%2Fv2%2Fcomments&post=162151"}],"version-history":[{"count":0,"href":"https:\/\/diariodominicano.com\/index.php?rest_route=\/wp\/v2\/posts\/162151\/revisions"}],"wp:attachment":[{"href":"https:\/\/diariodominicano.com\/index.php?rest_route=%2Fwp%2Fv2%2Fmedia&parent=162151"}],"wp:term":[{"taxonomy":"category","embeddable":true,"href":"https:\/\/diariodominicano.com\/index.php?rest_route=%2Fwp%2Fv2%2Fcategories&post=162151"},{"taxonomy":"post_tag","embeddable":true,"href":"https:\/\/diariodominicano.com\/index.php?rest_route=%2Fwp%2Fv2%2Ftags&post=162151"}],"curies":[{"name":"wp","href":"https:\/\/api.w.org\/{rel}","templated":true}]}}