{"id":162150,"date":"2014-09-14T12:33:38","date_gmt":"2014-09-14T12:33:38","guid":{"rendered":"http:\/\/diariodominicano.ddns.net\/?p=162150"},"modified":"2014-09-14T12:33:38","modified_gmt":"2014-09-14T12:33:38","slug":"quique-antun-dice-habitantes-de-azua-no-perciben-crecimiento-de-la-economia","status":"publish","type":"post","link":"https:\/\/diariodominicano.com\/?p=162150","title":{"rendered":"Quique Ant\u00fan dice habitantes de Azua no perciben crecimiento de la econom\u00eda"},"content":{"rendered":"<p><body><\/p>\n<p><img decoding=\"async\" src=\"img3\/Quique.jpg\" \/>  <\/p>\n<p><span class=\"text1noticias\">AZUA, RD, 14 de Septiembre.- El presidente del Partido Reformista Social Cristiano afirm\u00f3 aqu\u00ed que el crecimiento de la econom\u00eda dominicana del que hablan las autoridades del Banco Central, no se refleja en los habitantes de esta provincia, donde la mayor\u00eda vive en la pobreza y el 35 por ciento en la pobreza extrema.<\/span><\/p>\n<\/p>\n<p><span class=\"text1noticias\">El ingeniero Federico Ant\u00fan Batlle (Quique) explic\u00f3 que esta situaci\u00f3n de pobreza y desigualdad social que se registra en esta zona, amerita mayores esfuerzos del Gobierno a los fines de implementar mecanismos que traduzcan ese crecimiento en beneficio de los residentes de esta provincia, \u00aby por supuesto de todos los ciudadanos\u00bb.<\/span><\/p>\n<\/p>\n<p><span class=\"text1noticias\">En ese sentido, dijo que las estad\u00edsticas del Programa de las Naciones Unidas (PNUD) revelan que de cada 100 personas residentes aqu\u00ed, 64 viven en la pobreza, de los cuales 35 se encuentran en la pobreza extrema.<\/span><\/p>\n<\/p>\n<p><span class=\"text1noticias\">\u00abY quiero que sepan, que pese al crecimiento experimentado por la econom\u00eda dominicana del 5.5%, de acuerdo al informe presentado al pa\u00eds por el Banco Central, la mayor\u00eda de los dominicanos no percibe que su entorno familiar vea reflejada esa mejor\u00eda econ\u00f3mica\u00bb, dijo.<\/span><\/p>\n<\/p>\n<p><span class=\"text1noticias\">Quique Ant\u00fan explic\u00f3 que reconoce los esfuerzos que hace el presidente Danilo Medina y no duda de los resultados de esos estudios econ\u00f3nimicos presentados por las autoridades monetarias, pero entiende que el Gobierno debe buscar mecanismos que de una u otra forma ese crecimiento se traduzca en beneficios para todos los ciudadanos, especialmente a los m\u00e1s pobres.<\/span><\/p>\n<\/p>\n<p><span class=\"text1noticias\">El l\u00edder de los reformistas habl\u00f3 en esos t\u00e9rminos al encabezar un acto donde jurament\u00f3 a m\u00e1s de 400 j\u00f3venes de diferentes municipios de esta provincia, quienes se comprometieron a trabajar por el fortalecimiento del PRSC. Estuvieron presentes los dirigentes Louis Bogaert, Rafaela Alburquerque, M\u00e1ximo Castro Silverio, Milton Ginebra, Sergia Elena de S\u00e9liman, Jos\u00e9 Tatis G\u00f3mez, Ricardo Espailat, Jesus Matos, entre otros.<\/span><\/p>\n<\/p>\n<p><span class=\"text1noticias\">\u00abNosotros estamos recorriendo el pais y vemos que en cada pueblo hace falta que ese crecimiento econ\u00f3mico se perciba en la gente con mejores servicios de salud, m\u00e1s alimentaci\u00f3n, m\u00e1s seguridad y que los m\u00e1s pobres sean dignos de mejor suerte\u00bb, agreg\u00f3.<\/span><\/p>\n<\/p>\n<p><span class=\"text1noticias\">En ese sentido, el presidente del PRSC manifest\u00f3 que la mayor\u00eda de los dominicanos que vive esta realidad, no solo quiere ver en los titulares de los medios de comunicaci\u00f3n ese crecimiento macroecon\u00f3mico, \u00absino que ellos quieren que eso se traduzca en beneficios tangibles, es decir, ver mejorar sus condiciones de vida\u00bb.<\/span><\/p>\n<\/p>\n<p><span class=\"text1noticias\">Quique Ant\u00fan afirm\u00f3 que Azua es una provincia con reales potencialidades tur\u00edsticas y de alta productividad agr\u00edcola, por lo que entiende que las autoridades deben redoblar sus esfuerzos y hacer mayores inversiones en la consolidaci\u00f3n de esas potencialidades para lograr el despegue hacia el desarrollo no solo de esta provincia, sino de toda la regi\u00f3n sur.<\/span><\/p>\n<p><span class=\"text1noticias\"><strong>Ampliaci\u00f3n IZURA II<\/strong><\/span><\/p>\n<\/p>\n<p><span class=\"text1noticias\">El presidente del PRSC se pronunci\u00f3  adem\u00e1s a favor de que el Gobierno concluya los trabajos de ampliaci\u00f3n del proyecto  ganadero Isura en su segunda etapa, ya que en otras gestiones gubernamentales estas aspiraciones de los azuanos solo han quedado en promesas, situaci\u00f3n que mantiene en la desesperanza a los productores de esta zona.<\/span><\/p>\n<\/p>\n<p><span class=\"text1noticias\">Pidio al Gobierno estudiar la posibilidad de reabrir la zona franca de esta provincia como un medio de generar empleos y dinamizacion de la economica local.<\/span><\/p>\n<p><span class=\"text1noticias\"> <\/span><\/p>\n<p><span class=\"text1noticias\"><strong>Extensi\u00f3n de la UASD<\/strong><\/span><\/p>\n<\/p>\n<p><span class=\"text1noticias\">Ant\u00fan Batlle dijo tambi\u00e9n que se hace necesario que el gobierno estudie la posibilidad de instalar cuanto antes una extensi\u00f3n en Azua de la Universidad Aut\u00f3noma de Santo Domingo (UASD) ya que la juventud de esta regi\u00f3n sureste es sometida a muchos sacrificios y encima de eso tiene que trasladarse muy lejos para darle continuidad a sus estudios primarios y secundarios.<\/span><\/p>\n<\/p>\n<p><span class=\"text1noticias\">Agreg\u00f3 que este tipo de inversiones son las que requieren urgencia ya que sin educaci\u00f3n es imposible que los pueblos avancen y adem\u00e1s, sirven de recept\u00e1culo para que la juventud del pa\u00eds se prepare acad\u00e9micamente y no sea arrastrada por la delincuencia y los anti valores que cada d\u00eda son m\u00e1s evidentes.(HG)<\/span>.<\/p>\n<h6> 2014-09-14 12:33:38 <\/h6>\n<p><!--\n<link rel=\"stylesheet\" href=\"css\/bootstrap.min.css\">\n\n\n<ul class=\"pagination\">\n\t    \n\t\n\n<li >\n\t<a href='?page_no=14584'>Previous<\/a>\n\t<\/li>\n\n\n       \n    \n\n<li><a href='?page_no=1'>1<\/a><\/li>\n\n\n\n<li><a href='?page_no=2'>2<\/a><\/li>\n\n\n\n<li><a>...<\/a><\/li>\n\n\n\n<li><a href='?page_no=14583'>14583<\/a><\/li>\n\n\n\n<li><a href='?page_no=14584'>14584<\/a><\/li>\n\n\n\n<li class='active'><a>14585<\/a><\/li>\n\n\n\n<li><a href='?page_no=14586'>14586<\/a><\/li>\n\n\n\n<li><a href='?page_no=14587'>14587<\/a><\/li>\n\n\n\n<li><a>...<\/a><\/li>\n\n\n\n<li><a href='?page_no=36999'>36999<\/a><\/li>\n\n\n\n<li><a href='?page_no=37000'>37000<\/a><\/li>\n\n    \n\t\n\n<li >\n\t<a href='?page_no=14586'>Next<\/a>\n\t<\/li>\n\n\n    \n\n<li><a href='?page_no=37000'>Last &rsaquo;&rsaquo;<\/a><\/li>\n\n<\/ul>\n\n\n--><br \/>\n<\/body><\/p>\n","protected":false},"excerpt":{"rendered":"<p>AZUA, RD, 14 de Septiembre.- El presidente del Partido Reformista Social Cristiano afirm\u00f3 aqu\u00ed que el crecimiento de la econom\u00eda dominicana del que hablan las autoridades del Banco Central, no se refleja en los habitantes de esta provincia, donde la mayor\u00eda vive en la pobreza y el 35 por ciento en la pobreza extrema. El [&hellip;]<\/p>\n","protected":false},"author":3,"featured_media":0,"comment_status":"open","ping_status":"open","sticky":false,"template":"","format":"standard","meta":{"footnotes":""},"categories":[22],"tags":[],"class_list":["post-162150","post","type-post","status-publish","format-standard","hentry","category-politica"],"_links":{"self":[{"href":"https:\/\/diariodominicano.com\/index.php?rest_route=\/wp\/v2\/posts\/162150","targetHints":{"allow":["GET"]}}],"collection":[{"href":"https:\/\/diariodominicano.com\/index.php?rest_route=\/wp\/v2\/posts"}],"about":[{"href":"https:\/\/diariodominicano.com\/index.php?rest_route=\/wp\/v2\/types\/post"}],"author":[{"embeddable":true,"href":"https:\/\/diariodominicano.com\/index.php?rest_route=\/wp\/v2\/users\/3"}],"replies":[{"embeddable":true,"href":"https:\/\/diariodominicano.com\/index.php?rest_route=%2Fwp%2Fv2%2Fcomments&post=162150"}],"version-history":[{"count":0,"href":"https:\/\/diariodominicano.com\/index.php?rest_route=\/wp\/v2\/posts\/162150\/revisions"}],"wp:attachment":[{"href":"https:\/\/diariodominicano.com\/index.php?rest_route=%2Fwp%2Fv2%2Fmedia&parent=162150"}],"wp:term":[{"taxonomy":"category","embeddable":true,"href":"https:\/\/diariodominicano.com\/index.php?rest_route=%2Fwp%2Fv2%2Fcategories&post=162150"},{"taxonomy":"post_tag","embeddable":true,"href":"https:\/\/diariodominicano.com\/index.php?rest_route=%2Fwp%2Fv2%2Ftags&post=162150"}],"curies":[{"name":"wp","href":"https:\/\/api.w.org\/{rel}","templated":true}]}}