{"id":162149,"date":"2014-09-14T12:38:13","date_gmt":"2014-09-14T12:38:13","guid":{"rendered":"http:\/\/diariodominicano.ddns.net\/?p=162149"},"modified":"2014-09-14T12:38:13","modified_gmt":"2014-09-14T12:38:13","slug":"fidel-santana-nuestro-techo-es-el-cielo","status":"publish","type":"post","link":"https:\/\/diariodominicano.com\/?p=162149","title":{"rendered":"Fidel Santana: \u00abNuestro techo es el cielo\u00bb"},"content":{"rendered":"<p><body><\/p>\n<p><img decoding=\"async\" src=\"img3\/santana.jpg\" \/>  <\/p>\n<p><span class=\"text1noticias\">Por Rolando de la Ribera<\/span><\/p>\n<\/p>\n<p><span class=\"text1noticias\">Santo Domingo, RD, 14 sep (PL) Somos j\u00f3venes, tenemos nuevas ideas y propuestas, encarnamos el nuevo modelo pol\u00edtico que deber\u00e1 configurarse en la Rep\u00fablica Dominicana y nuestro techo es el cielo, asegur\u00f3 hoy el candidato presidencial del Frente Amplio, Fidel Santana.<\/span><\/p>\n<\/p>\n<p><span class=\"text1noticias\">Se trata del primer aspirante proclamado oficialmente por un partido para las elecciones que tendr\u00e1n lugar en el 2016 y lo respalda un conjunto de partidos de izquierda y movimientos sociales, que busca crear con otras fuerzas una amplia coalici\u00f3n opositora que denominan Convergencia por un mejor pa\u00eds.<\/span><\/p>\n<\/p>\n<p><span class=\"text1noticias\">Como en la Convergencia confluyen ya varios partidos, algunos de los cuales tambi\u00e9n presentar\u00e1n candidatos, lo l\u00f3gico es que en alg\u00fan tramo del camino hacia el 2016 un evento democr\u00e1tico permita escoger una de las opciones como propuesta del conjunto, explic\u00f3 Santana a Prensa Latina en entrevista exclusiva.<\/span><\/p>\n<\/p>\n<p><span class=\"text1noticias\">El Frente Amplio ya trabaja con mucho entusiasmo en la l\u00f3gica de que ese candidato de todo el conjunto sea Fidel Santana, al tiempo que las dem\u00e1s fuerzas pol\u00edticas se esfuerzan para que sea el suyo y ahora buscan un mecanismo democr\u00e1tico que permita establecer cu\u00e1l de los aspirantes re\u00fane m\u00e1s posibilidades electorales, trascendi\u00f3 durante el di\u00e1logo.<\/span><\/p>\n<\/p>\n<p><span class=\"text1noticias\">Santana explic\u00f3 que esa participaci\u00f3n del Frente Amplio en la Convergencia es un asunto de principios y est\u00e1 sustentada en un acuerdo program\u00e1tico. Ya se ha presentado una plataforma m\u00ednima preliminar que se pone tambi\u00e9n en discusi\u00f3n con el pa\u00eds y existe el convencimiento de que la misma debe ser enriquecida por el debate nacional, a\u00f1adi\u00f3.<\/span><\/p>\n<\/p>\n<p><span class=\"text1noticias\">Estamos conscientes de que un gobierno de amplia unidad, como el que estamos proponiendo, ser\u00eda en este caso de transici\u00f3n, no ser\u00eda el de las transformaciones profundas a que aspira el Frente Amplio, pero permitir\u00eda avanzar para desmontar un conjunto de factores adversos a la democratizaci\u00f3n plena del pa\u00eds, dijo.<\/span><\/p>\n<\/p>\n<p><span class=\"text1noticias\">Sobre su programa de gobierno agreg\u00f3 que se propone democratizar el Estado, pues las c\u00fapulas han arrebatado el protagonismo a la ciudadan\u00eda, y lo ejercen pol\u00edticos al servicio de la elite econ\u00f3mica nacional y extranjera. Por tanto, es fundamental recuperar el protagonismo ciudadano, expres\u00f3.<\/span><\/p>\n<\/p>\n<p><span class=\"text1noticias\">Manifest\u00f3 que aspira a un modelo econ\u00f3mico que tenga capacidad de abastecer todo lo que sea posible con la producci\u00f3n nacional, que est\u00e9 abierto a todas las posibilidades de alianzas econ\u00f3micas, siempre buscando la que m\u00e1s favorezca al pueblo dominicano, y que estimule a la peque\u00f1a y mediana empresa y al cooperativismo asociativo.<\/span><\/p>\n<\/p>\n<p><span class=\"text1noticias\">Asever\u00f3 que har\u00e1 \u00e9nfasis en apoyar la producci\u00f3n agropecuaria, la asesor\u00eda t\u00e9cnica y el financiamiento a esos sectores; dirigir\u00e1 el cr\u00e9dito a potenciar la producci\u00f3n nacional y basar\u00e1 su pol\u00edtica fiscal en la renta. Apuntar\u00edamos a que quien m\u00e1s renta percibe, pague m\u00e1s, explic\u00f3.<\/span><\/p>\n<\/p>\n<p><span class=\"text1noticias\">Dijo que un desaf\u00edo grande ser\u00e1 crear empleos sostenibles y de calidad, y eso estar\u00e1 articulado con la l\u00f3gica de fortalecer el aparato productivo nacional e impulsar las exportaciones y asegur\u00f3 que aprovechar\u00e1 las remesas para el desarrollo mediante la creaci\u00f3n de un banco de inversiones.<\/span><\/p>\n<\/p>\n<p><span class=\"text1noticias\">Asimismo se propone trabajar en los derechos ciudadanos a la salud, a la educaci\u00f3n, la vivienda y la seguridad, con proyectos novedosos y participaci\u00f3n ciudadana, y asegur\u00f3 que acabar\u00e1 con los privilegios de los grandes consumidores para abaratar la energ\u00eda el\u00e9ctrica.<\/span><\/p>\n<\/p>\n<p><span class=\"text1noticias\">Al preguntarle si como candidato cree que puede competir con \u00e9xito frente pol\u00edticos experimentados de otros partidos que est\u00e1n en la Convergencia como Hip\u00f3lito Mej\u00eda y Luis Abinader, Santana reconoci\u00f3 que son maquinarias poderos\u00edsimas con mayor influencia pol\u00edtica, pero afirm\u00f3: <\/span><\/p>\n<\/p>\n<p><span class=\"text1noticias\">\u00bb No estamos comprometidos con ninguna de las acciones que han llevado a este desastre de la sociedad dominicana. No tenemos rechazo de la poblaci\u00f3n ni cola que pisar\u00bb, expres\u00f3.(HG)<\/span>.<\/p>\n<h6> 2014-09-14 12:38:13 <\/h6>\n<p><!--\n<link rel=\"stylesheet\" href=\"css\/bootstrap.min.css\">\n\n\n<ul class=\"pagination\">\n\t    \n\t\n\n<li >\n\t<a href='?page_no=14583'>Previous<\/a>\n\t<\/li>\n\n\n       \n    \n\n<li><a href='?page_no=1'>1<\/a><\/li>\n\n\n\n<li><a href='?page_no=2'>2<\/a><\/li>\n\n\n\n<li><a>...<\/a><\/li>\n\n\n\n<li><a href='?page_no=14582'>14582<\/a><\/li>\n\n\n\n<li><a href='?page_no=14583'>14583<\/a><\/li>\n\n\n\n<li class='active'><a>14584<\/a><\/li>\n\n\n\n<li><a href='?page_no=14585'>14585<\/a><\/li>\n\n\n\n<li><a href='?page_no=14586'>14586<\/a><\/li>\n\n\n\n<li><a>...<\/a><\/li>\n\n\n\n<li><a href='?page_no=36999'>36999<\/a><\/li>\n\n\n\n<li><a href='?page_no=37000'>37000<\/a><\/li>\n\n    \n\t\n\n<li >\n\t<a href='?page_no=14585'>Next<\/a>\n\t<\/li>\n\n\n    \n\n<li><a href='?page_no=37000'>Last &rsaquo;&rsaquo;<\/a><\/li>\n\n<\/ul>\n\n\n--><br \/>\n<\/body><\/p>\n","protected":false},"excerpt":{"rendered":"<p>Por Rolando de la Ribera Santo Domingo, RD, 14 sep (PL) Somos j\u00f3venes, tenemos nuevas ideas y propuestas, encarnamos el nuevo modelo pol\u00edtico que deber\u00e1 configurarse en la Rep\u00fablica Dominicana y nuestro techo es el cielo, asegur\u00f3 hoy el candidato presidencial del Frente Amplio, Fidel Santana. Se trata del primer aspirante proclamado oficialmente por un [&hellip;]<\/p>\n","protected":false},"author":3,"featured_media":0,"comment_status":"open","ping_status":"open","sticky":false,"template":"","format":"standard","meta":{"footnotes":""},"categories":[22],"tags":[],"class_list":["post-162149","post","type-post","status-publish","format-standard","hentry","category-politica"],"_links":{"self":[{"href":"https:\/\/diariodominicano.com\/index.php?rest_route=\/wp\/v2\/posts\/162149","targetHints":{"allow":["GET"]}}],"collection":[{"href":"https:\/\/diariodominicano.com\/index.php?rest_route=\/wp\/v2\/posts"}],"about":[{"href":"https:\/\/diariodominicano.com\/index.php?rest_route=\/wp\/v2\/types\/post"}],"author":[{"embeddable":true,"href":"https:\/\/diariodominicano.com\/index.php?rest_route=\/wp\/v2\/users\/3"}],"replies":[{"embeddable":true,"href":"https:\/\/diariodominicano.com\/index.php?rest_route=%2Fwp%2Fv2%2Fcomments&post=162149"}],"version-history":[{"count":0,"href":"https:\/\/diariodominicano.com\/index.php?rest_route=\/wp\/v2\/posts\/162149\/revisions"}],"wp:attachment":[{"href":"https:\/\/diariodominicano.com\/index.php?rest_route=%2Fwp%2Fv2%2Fmedia&parent=162149"}],"wp:term":[{"taxonomy":"category","embeddable":true,"href":"https:\/\/diariodominicano.com\/index.php?rest_route=%2Fwp%2Fv2%2Fcategories&post=162149"},{"taxonomy":"post_tag","embeddable":true,"href":"https:\/\/diariodominicano.com\/index.php?rest_route=%2Fwp%2Fv2%2Ftags&post=162149"}],"curies":[{"name":"wp","href":"https:\/\/api.w.org\/{rel}","templated":true}]}}