{"id":162148,"date":"2014-09-14T14:21:46","date_gmt":"2014-09-14T14:21:46","guid":{"rendered":"http:\/\/diariodominicano.ddns.net\/?p=162148"},"modified":"2014-09-14T14:21:46","modified_gmt":"2014-09-14T14:21:46","slug":"franklin-garcia-ferminvalora-privilegiado-posicionamiento-de-luis-abinader-en-las-encuestas","status":"publish","type":"post","link":"https:\/\/diariodominicano.com\/?p=162148","title":{"rendered":"Franklin Garc\u00eda Ferm\u00edn&#13;Valora privilegiado posicionamiento de Luis Abinader en las encuestas&#13; &#13;&#13;"},"content":{"rendered":"<p><body><\/p>\n<p><img decoding=\"async\" src=\"img3\/descarga.jpg\" \/><br \/><img decoding=\"async\" src=\"img3\/4AS5F1DSGFFranklin.jpg\" \/>  <\/p>\n<p><span class=\"text1noticias\">Santo Domingo, RD, 14 de Septiembre.- El doctor Franklin Garc\u00eda Ferm\u00edn, vice-presidente nacional del,  reci\u00e9n aprobado por la Junta Central Electoral, Partido Revolucionario Moderno (PRM), valor\u00f3 positivamente el posicionamiento que tiene en las encuestas el precandidato presidencial Luis Abinader. <\/span><\/p>\n<p><span class=\"text1noticias\"> <\/span><\/p>\n<p><span class=\"text1noticias\">\u00abEl candidato con mayor posibilidad de crecer es aquel con menor tasa de rechazo de los votantes, que es el caso de Luis Abinader con un 0.5%\u00bb, indic\u00f3 el alto dirigente del PRM. <\/span><\/p>\n<p><span class=\"text1noticias\"> <\/span><\/p>\n<p><span class=\"text1noticias\">El tambi\u00e9n ex -rector de la Universidad Aut\u00f3noma de Santo Domingo (UASD), subray\u00f3 que Leonel Fern\u00e1ndez sale mal parado en las mediciones con un porcentaje muy por debajo de la preferencia de su partido; mientras Luis Abinader, en cambio, duplica la preferencia por las siglas que fue medido. <\/span><\/p>\n<p><span class=\"text1noticias\"> <\/span><\/p>\n<p><span class=\"text1noticias\">El doctor Garc\u00eda Ferm\u00edn, recientemente declin\u00f3 sus aspiraciones a la presidencia de la Rep\u00fablica a favor de Luis Abinader, quien encabeza las preferencias en el Partido Revolucionario Moderno (PRM). <\/span><\/p>\n<p><span class=\"text1noticias\"> <\/span><\/p>\n<p><span class=\"text1noticias\">El jurista y pol\u00edtico convoc\u00f3 a todos los dominicanos con vocaci\u00f3n de cambio y deseos de tener un mejor pa\u00eds, aunar esfuerzos alrededor de Luis Abinader, quien sintetiza una propuesta electoral moderna, democr\u00e1tica y con un alto sentido progresista.<\/span><\/p>\n<p><span class=\"text1noticias\">Dijo que la dirigencia  del PRM dedicar\u00e1 todas sus energ\u00edas a la tarea primaria de desalojar del gobierno a los responsables de la cat\u00e1strofe econ\u00f3mica, pol\u00edtica y social a que ha sido sometido el pueblo dominicano por la insaciable sed de poder del Partido de la Liberaci\u00f3n Dominicana.<\/span><\/p>\n<p><span class=\"text1noticias\">Igualmente, dice que el Partido Revolucionario Mayoritario re\u00fane en su seno los m\u00e1s sanos dirigentes y porque preserva intacta la memoria y el sue\u00f1o de nuestro m\u00e1s grande l\u00edder de todos los tiempos, el doctor Jos\u00e9 Francisco Pe\u00f1a G\u00f3mez.<\/span><\/p>\n<p><span class=\"text1noticias\">\u00abHemos asumido la responsabilidad de sumar el concurso de nuestros esfuerzos en procura de crear y fortalecer una gran Convergencia de Partidos con el prop\u00f3sito com\u00fan de derrotar el continuismo y frenar el atraso y la miseria a que nos han sometido en esta era del PLD\u00bb, indica.<\/span><\/p>\n<\/p>\n<h6> 2014-09-14 14:21:46 <\/h6>\n<p><!--\n<link rel=\"stylesheet\" href=\"css\/bootstrap.min.css\">\n\n\n<ul class=\"pagination\">\n\t    \n\t\n\n<li >\n\t<a href='?page_no=14582'>Previous<\/a>\n\t<\/li>\n\n\n       \n    \n\n<li><a href='?page_no=1'>1<\/a><\/li>\n\n\n\n<li><a href='?page_no=2'>2<\/a><\/li>\n\n\n\n<li><a>...<\/a><\/li>\n\n\n\n<li><a href='?page_no=14581'>14581<\/a><\/li>\n\n\n\n<li><a href='?page_no=14582'>14582<\/a><\/li>\n\n\n\n<li class='active'><a>14583<\/a><\/li>\n\n\n\n<li><a href='?page_no=14584'>14584<\/a><\/li>\n\n\n\n<li><a href='?page_no=14585'>14585<\/a><\/li>\n\n\n\n<li><a>...<\/a><\/li>\n\n\n\n<li><a href='?page_no=36999'>36999<\/a><\/li>\n\n\n\n<li><a href='?page_no=37000'>37000<\/a><\/li>\n\n    \n\t\n\n<li >\n\t<a href='?page_no=14584'>Next<\/a>\n\t<\/li>\n\n\n    \n\n<li><a href='?page_no=37000'>Last &rsaquo;&rsaquo;<\/a><\/li>\n\n<\/ul>\n\n\n--><br \/>\n<\/body><\/p>\n","protected":false},"excerpt":{"rendered":"<p>Santo Domingo, RD, 14 de Septiembre.- El doctor Franklin Garc\u00eda Ferm\u00edn, vice-presidente nacional del, reci\u00e9n aprobado por la Junta Central Electoral, Partido Revolucionario Moderno (PRM), valor\u00f3 positivamente el posicionamiento que tiene en las encuestas el precandidato presidencial Luis Abinader. \u00abEl candidato con mayor posibilidad de crecer es aquel con menor tasa de rechazo de los [&hellip;]<\/p>\n","protected":false},"author":3,"featured_media":0,"comment_status":"open","ping_status":"open","sticky":false,"template":"","format":"standard","meta":{"footnotes":""},"categories":[22],"tags":[],"class_list":["post-162148","post","type-post","status-publish","format-standard","hentry","category-politica"],"_links":{"self":[{"href":"https:\/\/diariodominicano.com\/index.php?rest_route=\/wp\/v2\/posts\/162148","targetHints":{"allow":["GET"]}}],"collection":[{"href":"https:\/\/diariodominicano.com\/index.php?rest_route=\/wp\/v2\/posts"}],"about":[{"href":"https:\/\/diariodominicano.com\/index.php?rest_route=\/wp\/v2\/types\/post"}],"author":[{"embeddable":true,"href":"https:\/\/diariodominicano.com\/index.php?rest_route=\/wp\/v2\/users\/3"}],"replies":[{"embeddable":true,"href":"https:\/\/diariodominicano.com\/index.php?rest_route=%2Fwp%2Fv2%2Fcomments&post=162148"}],"version-history":[{"count":0,"href":"https:\/\/diariodominicano.com\/index.php?rest_route=\/wp\/v2\/posts\/162148\/revisions"}],"wp:attachment":[{"href":"https:\/\/diariodominicano.com\/index.php?rest_route=%2Fwp%2Fv2%2Fmedia&parent=162148"}],"wp:term":[{"taxonomy":"category","embeddable":true,"href":"https:\/\/diariodominicano.com\/index.php?rest_route=%2Fwp%2Fv2%2Fcategories&post=162148"},{"taxonomy":"post_tag","embeddable":true,"href":"https:\/\/diariodominicano.com\/index.php?rest_route=%2Fwp%2Fv2%2Ftags&post=162148"}],"curies":[{"name":"wp","href":"https:\/\/api.w.org\/{rel}","templated":true}]}}