{"id":162147,"date":"2014-09-14T14:43:35","date_gmt":"2014-09-14T14:43:35","guid":{"rendered":"http:\/\/diariodominicano.ddns.net\/?p=162147"},"modified":"2014-09-14T14:43:35","modified_gmt":"2014-09-14T14:43:35","slug":"politologo-belarminio-ramirez-la-reeleccion-va","status":"publish","type":"post","link":"https:\/\/diariodominicano.com\/?p=162147","title":{"rendered":"&#13;Polit\u00f3logo Belarminio Ram\u00edrez: \u00abLa reelecci\u00f3n va\u00bb"},"content":{"rendered":"<p><body><\/p>\n<p><img decoding=\"async\" src=\"http:\/\/localhost:8080\/img3\/Belarminio.jpg\" \/>  <\/p>\n<p><span class=\"text1noticias\">Santo Domingo, RD, 14 de Septiembre.-El polit\u00f3logo y profesor universitario Belarminio Ram\u00edrez asegur\u00f3 que \u00abla reelecci\u00f3n de Danilo Medina va\u00bb, dado los altos niveles de aprobaci\u00f3n que tienen su gesti\u00f3n de gobierno y \u00e9l como Primer Mandatario.<\/span><\/p>\n<\/p>\n<p><span class=\"text1noticias\">Declar\u00f3 que en la historia de Rep\u00fablica Dominicana ni en la de Am\u00e9rica Latina ning\u00fan otro presidente ha alcanzado los pronunciados \u00edndices de aceptaci\u00f3n logrados por Medina, lo que, seg\u00fan sostiene, han sido una tendencia en los dos a\u00f1os que lleva como Jefe del Estado.<\/span><\/p>\n<\/p>\n<p><span class=\"text1noticias\">El polit\u00f3logo expres\u00f3 que el tema de la reelecci\u00f3n debe ser tratado por el Comit\u00e9 Pol\u00edtio del Partido de la Liberaci\u00f3n Dominicana (PLD) y tomar la decisi\u00f3n que corresponde al respecto, tomando en cuenta que seg\u00fan la m\u00e1s reciente encuesta Gallup-Hoy establece que el 991.3% de los dominicanos aprueba los dos a\u00f1os de gesti\u00f3n de Danilo, el 65.7% est\u00e1 de acuerdo con que se modifique la Constituci\u00f3n para que el mandatario se lance a la reelecci\u00f3n y que representa la \u00fanica opci\u00f3n que garantiza ganar en primera vuelta en el 2016.<\/span><\/p>\n<\/p>\n<p><span class=\"text1noticias\">\u00ab&#8230;Viendo esta fotograf\u00eda del pensamiento colectivo de la poblaci\u00f3n en este momento, la reelecci\u00f3n va&#8230; El PLD es un partido que tiene ya una vocaci\u00f3n de poder&#8230; Tomando en cuenta lo que es el nivel de liderazgo que tiene el Partido de la Liberaci\u00f3n Dominicana, la vocaci\u00f3n del poder que tiene el PLD, y la inteligencia que ha tenido el PLD siempre de postular a los productos pol\u00edticos con mayor legitimidad social, ya, este sondeo (Gallup-Hoy) ya deja entrever que la \u00fanica posibilidad que tiene el PLD de ganar en una primera vuelta es con Danilo; tomando en cuenta la representaci\u00f3n congresional del PLD y el deseo colectivo de la inmensa mayor\u00eda del electorado, al margen de fronteras partidarias, entonces el sentido com\u00fan indica que el PLD va a jugar a lo que m\u00e1s le conviene al PLD y a lo que m\u00e1s le convient al pa\u00eds\u00bb, explic\u00f3 Ram\u00edrez al participar como entrevistado en el programa Encuentro Extra con Cristhian Jim\u00e9nez que se trasmite cada domingo de 7 a 8 de la ma\u00f1ana por el canal 9 de Color Visi\u00f3n y de 7 a 8 de la noche por el 45 de Tele-Radio Am\u00e9rica.<\/span><\/p>\n<\/p>\n<p><span class=\"text1noticias\">Ram\u00edrez dijo que los vientos de la reelecci\u00f3n se seguir\u00e1n sintiendo cada vez m\u00e1s fuerte desde ahora y hasta diciembre y seguir\u00e1n sumando cada vez m\u00e1s sectores a ese prop\u00f3sito.<\/span><\/p>\n<\/p>\n<p><span class=\"text1noticias\">El polit\u00f3logo manifest\u00f3 que el ex presidente Leonel Fern\u00e1ndez, presidente del PLD, debiera declinar sus aspiraciones de retornar al poder y propiciar la la reelecci\u00f3n de Danilo a lo interno de su partido. Sostuvo que de Leonel lanzarse como candidato presidencial pondr\u00eda en riesgo toda su trayectoria pol\u00edtica y toda la obra de gobierno que desarroll\u00f3 durante tres per\u00edodos como mandatario, dos de ellos de manera consecutiva.(HG)<\/span>.<\/p>\n<h6> 2014-09-14 14:43:35 <\/h6>\n<p><!--\n<link rel=\"stylesheet\" href=\"css\/bootstrap.min.css\">\n\n\n<ul class=\"pagination\">\n\t    \n\t\n\n<li >\n\t<a href='?page_no=14581'>Previous<\/a>\n\t<\/li>\n\n\n       \n    \n\n<li><a href='?page_no=1'>1<\/a><\/li>\n\n\n\n<li><a href='?page_no=2'>2<\/a><\/li>\n\n\n\n<li><a>...<\/a><\/li>\n\n\n\n<li><a href='?page_no=14580'>14580<\/a><\/li>\n\n\n\n<li><a href='?page_no=14581'>14581<\/a><\/li>\n\n\n\n<li class='active'><a>14582<\/a><\/li>\n\n\n\n<li><a href='?page_no=14583'>14583<\/a><\/li>\n\n\n\n<li><a href='?page_no=14584'>14584<\/a><\/li>\n\n\n\n<li><a>...<\/a><\/li>\n\n\n\n<li><a href='?page_no=36999'>36999<\/a><\/li>\n\n\n\n<li><a href='?page_no=37000'>37000<\/a><\/li>\n\n    \n\t\n\n<li >\n\t<a href='?page_no=14583'>Next<\/a>\n\t<\/li>\n\n\n    \n\n<li><a href='?page_no=37000'>Last &rsaquo;&rsaquo;<\/a><\/li>\n\n<\/ul>\n\n\n--><br \/>\n<\/body><\/p>\n","protected":false},"excerpt":{"rendered":"<p>Santo Domingo, RD, 14 de Septiembre.-El polit\u00f3logo y profesor universitario Belarminio Ram\u00edrez asegur\u00f3 que \u00abla reelecci\u00f3n de Danilo Medina va\u00bb, dado los altos niveles de aprobaci\u00f3n que tienen su gesti\u00f3n de gobierno y \u00e9l como Primer Mandatario. Declar\u00f3 que en la historia de Rep\u00fablica Dominicana ni en la de Am\u00e9rica Latina ning\u00fan otro presidente ha [&hellip;]<\/p>\n","protected":false},"author":3,"featured_media":0,"comment_status":"open","ping_status":"open","sticky":false,"template":"","format":"standard","meta":{"footnotes":""},"categories":[22],"tags":[],"class_list":["post-162147","post","type-post","status-publish","format-standard","hentry","category-politica"],"_links":{"self":[{"href":"https:\/\/diariodominicano.com\/index.php?rest_route=\/wp\/v2\/posts\/162147","targetHints":{"allow":["GET"]}}],"collection":[{"href":"https:\/\/diariodominicano.com\/index.php?rest_route=\/wp\/v2\/posts"}],"about":[{"href":"https:\/\/diariodominicano.com\/index.php?rest_route=\/wp\/v2\/types\/post"}],"author":[{"embeddable":true,"href":"https:\/\/diariodominicano.com\/index.php?rest_route=\/wp\/v2\/users\/3"}],"replies":[{"embeddable":true,"href":"https:\/\/diariodominicano.com\/index.php?rest_route=%2Fwp%2Fv2%2Fcomments&post=162147"}],"version-history":[{"count":0,"href":"https:\/\/diariodominicano.com\/index.php?rest_route=\/wp\/v2\/posts\/162147\/revisions"}],"wp:attachment":[{"href":"https:\/\/diariodominicano.com\/index.php?rest_route=%2Fwp%2Fv2%2Fmedia&parent=162147"}],"wp:term":[{"taxonomy":"category","embeddable":true,"href":"https:\/\/diariodominicano.com\/index.php?rest_route=%2Fwp%2Fv2%2Fcategories&post=162147"},{"taxonomy":"post_tag","embeddable":true,"href":"https:\/\/diariodominicano.com\/index.php?rest_route=%2Fwp%2Fv2%2Ftags&post=162147"}],"curies":[{"name":"wp","href":"https:\/\/api.w.org\/{rel}","templated":true}]}}