{"id":162146,"date":"2014-09-14T15:22:23","date_gmt":"2014-09-14T15:22:23","guid":{"rendered":"http:\/\/diariodominicano.ddns.net\/?p=162146"},"modified":"2014-09-14T15:22:23","modified_gmt":"2014-09-14T15:22:23","slug":"miguel-vargas-maldonado-es-juramentado-como-presidente-prd-y-escogido-como-presidente-para-elecciones-del-2016","status":"publish","type":"post","link":"https:\/\/diariodominicano.com\/?p=162146","title":{"rendered":"Miguel Vargas Maldonado es juramentado como presidente PRD  y escogido como presidente para elecciones del 2016"},"content":{"rendered":"<p><body><\/p>\n<p><img decoding=\"async\" src=\"img3\/Miguel-Vargas-2.jpg\" \/>  <\/p>\n<p><span class=\"text1noticias\">Santo Domingo, R. D., 14 de septiembre.- Con un acto multitudinario celebrado fueron juramentados los nuevos dirigentes nacionales del Partido Revolucionario Dominicano, (PRD), que encabeza el ingeniero Miguel Vargas Maldonado, presidente de la entidad pol\u00edtica y que resaltaron electos en la Trig\u00e9sima Convenci\u00f3n ordinaria Noel Suverb\u00ed Espinosa celebrada el 20 de julio de este a\u00f1o.<\/span><\/p>\n<p><span class=\"text1noticias\"> <\/span><\/p>\n<p><span class=\"text1noticias\">El presidente de la Comisi\u00f3n Organizadoras de la Convenci\u00f3n, Julio Mar\u00ed\u00f1ez, tom\u00f3 en juramentado a  Vargas Maldonado. Prevenidamente hab\u00edan sido proclamados los dem\u00e1s dirigentes nacionales.<\/span><\/p>\n<p><span class=\"text1noticias\"> <\/span><\/p>\n<p><span class=\"text1noticias\">Los Notarios Jes\u00fas Mar\u00eda Hern\u00e1ndez y Blanca Mar\u00eda Acosta dejaron formalmente abierta la convenci\u00f3n con una asistencia de 3,608 delegados de los 4,467 convocados.   El Doctor Hern\u00e1ndez dijo que comprobado un qu\u00f3rum de del 80.5 por ciento y siendo las 10:28 de la ma\u00f1ana de este domingo quedaron iniciados los trabajos.<\/span><\/p>\n<p><span class=\"text1noticias\"> <\/span><\/p>\n<p><span class=\"text1noticias\">El presidente de la convenci\u00f3n Jorge Prats, aclar\u00f3 que en esa actividad estaba presente una representaci\u00f3n de la Junta Central electoral para fiscalizar y comprobar el proceso de juramentaci\u00f3n y dem\u00e1s decisiones adoptadas en la convenci<\/span>\u00f3n.<\/p>\n<h6> 2014-09-14 15:22:23 <\/h6>\n<p><!--\n<link rel=\"stylesheet\" href=\"css\/bootstrap.min.css\">\n\n\n<ul class=\"pagination\">\n\t    \n\t\n\n<li >\n\t<a href='?page_no=14580'>Previous<\/a>\n\t<\/li>\n\n\n       \n    \n\n<li><a href='?page_no=1'>1<\/a><\/li>\n\n\n\n<li><a href='?page_no=2'>2<\/a><\/li>\n\n\n\n<li><a>...<\/a><\/li>\n\n\n\n<li><a href='?page_no=14579'>14579<\/a><\/li>\n\n\n\n<li><a href='?page_no=14580'>14580<\/a><\/li>\n\n\n\n<li class='active'><a>14581<\/a><\/li>\n\n\n\n<li><a href='?page_no=14582'>14582<\/a><\/li>\n\n\n\n<li><a href='?page_no=14583'>14583<\/a><\/li>\n\n\n\n<li><a>...<\/a><\/li>\n\n\n\n<li><a href='?page_no=36999'>36999<\/a><\/li>\n\n\n\n<li><a href='?page_no=37000'>37000<\/a><\/li>\n\n    \n\t\n\n<li >\n\t<a href='?page_no=14582'>Next<\/a>\n\t<\/li>\n\n\n    \n\n<li><a href='?page_no=37000'>Last &rsaquo;&rsaquo;<\/a><\/li>\n\n<\/ul>\n\n\n--><br \/>\n<\/body><\/p>\n","protected":false},"excerpt":{"rendered":"<p>Santo Domingo, R. D., 14 de septiembre.- Con un acto multitudinario celebrado fueron juramentados los nuevos dirigentes nacionales del Partido Revolucionario Dominicano, (PRD), que encabeza el ingeniero Miguel Vargas Maldonado, presidente de la entidad pol\u00edtica y que resaltaron electos en la Trig\u00e9sima Convenci\u00f3n ordinaria Noel Suverb\u00ed Espinosa celebrada el 20 de julio de este a\u00f1o. [&hellip;]<\/p>\n","protected":false},"author":3,"featured_media":0,"comment_status":"open","ping_status":"open","sticky":false,"template":"","format":"standard","meta":{"footnotes":""},"categories":[22],"tags":[],"class_list":["post-162146","post","type-post","status-publish","format-standard","hentry","category-politica"],"_links":{"self":[{"href":"https:\/\/diariodominicano.com\/index.php?rest_route=\/wp\/v2\/posts\/162146","targetHints":{"allow":["GET"]}}],"collection":[{"href":"https:\/\/diariodominicano.com\/index.php?rest_route=\/wp\/v2\/posts"}],"about":[{"href":"https:\/\/diariodominicano.com\/index.php?rest_route=\/wp\/v2\/types\/post"}],"author":[{"embeddable":true,"href":"https:\/\/diariodominicano.com\/index.php?rest_route=\/wp\/v2\/users\/3"}],"replies":[{"embeddable":true,"href":"https:\/\/diariodominicano.com\/index.php?rest_route=%2Fwp%2Fv2%2Fcomments&post=162146"}],"version-history":[{"count":0,"href":"https:\/\/diariodominicano.com\/index.php?rest_route=\/wp\/v2\/posts\/162146\/revisions"}],"wp:attachment":[{"href":"https:\/\/diariodominicano.com\/index.php?rest_route=%2Fwp%2Fv2%2Fmedia&parent=162146"}],"wp:term":[{"taxonomy":"category","embeddable":true,"href":"https:\/\/diariodominicano.com\/index.php?rest_route=%2Fwp%2Fv2%2Fcategories&post=162146"},{"taxonomy":"post_tag","embeddable":true,"href":"https:\/\/diariodominicano.com\/index.php?rest_route=%2Fwp%2Fv2%2Ftags&post=162146"}],"curies":[{"name":"wp","href":"https:\/\/api.w.org\/{rel}","templated":true}]}}