{"id":162145,"date":"2014-09-14T15:29:46","date_gmt":"2014-09-14T15:29:46","guid":{"rendered":"http:\/\/diariodominicano.ddns.net\/?p=162145"},"modified":"2014-09-14T15:29:46","modified_gmt":"2014-09-14T15:29:46","slug":"radhames-segura-niega-que-exclusion-de-los-partidos-afecte-pacto-electrico","status":"publish","type":"post","link":"https:\/\/diariodominicano.com\/?p=162145","title":{"rendered":"Radh\u00e1mes Segura niega que exclusi\u00f3n de los partidos afecte pacto el\u00e9ctrico"},"content":{"rendered":"<p><body><\/p>\n<p><img decoding=\"async\" src=\"img3\/Segura.jpg\" \/>  <\/p>\n<p><span class=\"text1noticias\">Santo Domingo, RD, 14 de Septiembre.-El ex administrador general de la Corporaci\u00f3n Dominicana de Empresas  El\u00e9ctricas Estatales (CDEEE), ingeniero Radham\u00e9s Segura descart\u00f3 que la exclusi\u00f3n de los partidos pol\u00edticos en los debates para el esperado Pacto El\u00e9ctrico que auspicia el gobierno, vaya afectar las conversaciones con los dem\u00e1s sectores como se ha planteado.<\/span><\/p>\n<\/p>\n<p><span class=\"text1noticias\">El tambi\u00e9n precandidato presidencial del PLD, afirm\u00f3 que la visi\u00f3n cortoplacista que se tiene en el pa\u00eds cuando se habla de electricidad constituye uno de los principales problemas del sector, por lo que se hace necesario tener una visi\u00f3n a largo plazo y de grandeza.<\/span><\/p>\n<\/p>\n<p><span class=\"text1noticias\">\u00abEntonces esto te da un nivel del desarrollo y aqu\u00ed estamos pensando, como yo te digo, de manera cortoplacista, hay que ver esto en perspectiva, sin energ\u00eda barata, abundante y  estable no se puede pensar en el desarrollo de un pa\u00eds\u00bb, precis\u00f3 Segura.<\/span><\/p>\n<\/p>\n<p><span class=\"text1noticias\">Al ser entrevistado por Elvis Lima, en el programa Fuera de Record, que produce para el canal 45, Radhames Segura, dijo esperar que en vista de la situaci\u00f3n que se ha generado en torno a los alcances del Pacto El\u00e9ctrico, el Presidente Danilo Medina, convoque a discreci\u00f3n a los miembros del Consejo Econ\u00f3mico y Social, a fin de analizar lo relativo al tema.<\/span><\/p>\n<\/p>\n<p><span class=\"text1noticias\"> ??Mientras tanto, lo que yo creo que ha estado ocurriendo es que como el servicio de electricidad es algo continuo, que tiene que darse 24 horas al d\u00eda, y que hay que ir mejorando en cada ocasi\u00f3n, pues yo creo que las autoridades del sector el\u00e9ctrico, encabezada por la administraci\u00f3n de la CDEEE a mano del compa\u00f1ero, Rub\u00e9n Bichara, han estado avanzando en una serie de proyectos, como por ejemplo el caso de las plantas a carb\u00f3n, y el caso de la renegociaci\u00f3n, si podr\u00eda llamarse as\u00ed, de varios contratos del acuerdo de Madrid, sobre todo el caso de EGE Haina y EGE Itabo\u00bb, precis\u00f3 Segura.<\/span><\/p>\n<\/p>\n<p><span class=\"text1noticias\">Con relaci\u00f3n a las plantas a carb\u00f3n y el tranque generado por la falta de financiamiento a favor de las empresas que resultaron ganadoras de la licitaci\u00f3n, el  ex funcionario energ\u00e9tico inst\u00f3 al gobierno aclarar la situaci\u00f3n, y buscar los recursos para que el proyecto pueda desarrollarse sin ning\u00fan tipo de inconveniente.<\/span><\/p>\n<\/p>\n<p><span class=\"text1noticias\">\u00abYo no conozco muy bien las interioridades de lo que ha estado ocurriendo, es necesario siempre hacer la precisi\u00f3n, a m\u00ed se me conoce como el padre de las plantas a carb\u00f3n, y en gran medida nosotros podemos decir que s\u00ed, pero yo quiero hablar del concepto, o de proyecto de plantas a carb\u00f3n, porque cuando tuvimos en la administraci\u00f3n nuestra, hubo proyectos de plantas a carb\u00f3n que fueron saboteados desde ciertos sectores del pa\u00eds, en combinaci\u00f3n con algunas gentes del gobierno, <\/span><\/p>\n<p><span class=\"text1noticias\">nosotros nunca hablamos de comprar plantas, sino de comprar energ\u00eda proveniente de plantas a carb\u00f3n, es decir, el inversionista privado vendr\u00eda al pa\u00eds e instalar\u00eda esa planta, y la pondr\u00eda en operaci\u00f3n a todo costo y riesgo, y nosotros entonces comprar\u00edamos energ\u00eda de esa planta que evidentemente esa energ\u00eda sal\u00eda a un precio mucho m\u00e1s  bajo que cualquier otra fuente\u00bb, revel\u00f3 Segura.<\/span><\/p>\n<\/p>\n<p><strong><span class=\"text1noticias\">Malestar a lo interno del PLD<\/span><\/strong><\/p>\n<\/p>\n<p><span class=\"text1noticias\">Sobre sus aspiraciones presidenciales, afirm\u00f3 que a pesar de ser el \u00fanico de los precandidatos presidenciales del PLD, que no tiene cargo en el gobierno, se mantendr\u00e1 firme en sus aspiraciones, porque si bien es cierto, los puestos tienen alg\u00fan tipo de incidencia a la hora de aglutinar gente, y dar respuestas a sus necesidades, al mismo tiempo no lo es todo.<\/span><\/p>\n<\/p>\n<p><span class=\"text1noticias\">\u00abYo te puedo asegurar que el impacto de eso es peque\u00f1o, porque es que la poblaci\u00f3n del PLD, a lo interno del partido hay una situaci\u00f3n de un gran disgusto, de un gran malestar, y las cosas que los compa\u00f1eros y compa\u00f1eras est\u00e1n pidiendo, pues evidentemente nosotros la dimos en el pasado, los compa\u00f1eros van a tener oportunidad de escoger libremente, porque incluso, todo el que aspira a la candidatura presidencial en estos momentos tiene una hoja de servicio, tanto en el PLD, como en el gobierno\u00bb, manifest\u00f3 Segura.<\/span><\/p>\n<\/p>\n<p><span class=\"text1noticias\">Dijo que hasta el momento se ha enfocado en realizar un trabajo selectivo a trav\u00e9s del padr\u00f3n interno del partido, porque al final son esos dirigentes y simpatizantes que figuren en el mismo los que tendr\u00e1n que decidir a cu\u00e1l de los precandidatos es que quieren.(HG)<\/span>.<\/p>\n<h6> 2014-09-14 15:29:46 <\/h6>\n<p><!--\n<link rel=\"stylesheet\" href=\"css\/bootstrap.min.css\">\n\n\n<ul class=\"pagination\">\n\t    \n\t\n\n<li >\n\t<a href='?page_no=14579'>Previous<\/a>\n\t<\/li>\n\n\n       \n    \n\n<li><a href='?page_no=1'>1<\/a><\/li>\n\n\n\n<li><a href='?page_no=2'>2<\/a><\/li>\n\n\n\n<li><a>...<\/a><\/li>\n\n\n\n<li><a href='?page_no=14578'>14578<\/a><\/li>\n\n\n\n<li><a href='?page_no=14579'>14579<\/a><\/li>\n\n\n\n<li class='active'><a>14580<\/a><\/li>\n\n\n\n<li><a href='?page_no=14581'>14581<\/a><\/li>\n\n\n\n<li><a href='?page_no=14582'>14582<\/a><\/li>\n\n\n\n<li><a>...<\/a><\/li>\n\n\n\n<li><a href='?page_no=36999'>36999<\/a><\/li>\n\n\n\n<li><a href='?page_no=37000'>37000<\/a><\/li>\n\n    \n\t\n\n<li >\n\t<a href='?page_no=14581'>Next<\/a>\n\t<\/li>\n\n\n    \n\n<li><a href='?page_no=37000'>Last &rsaquo;&rsaquo;<\/a><\/li>\n\n<\/ul>\n\n\n--><br \/>\n<\/body><\/p>\n","protected":false},"excerpt":{"rendered":"<p>Santo Domingo, RD, 14 de Septiembre.-El ex administrador general de la Corporaci\u00f3n Dominicana de Empresas El\u00e9ctricas Estatales (CDEEE), ingeniero Radham\u00e9s Segura descart\u00f3 que la exclusi\u00f3n de los partidos pol\u00edticos en los debates para el esperado Pacto El\u00e9ctrico que auspicia el gobierno, vaya afectar las conversaciones con los dem\u00e1s sectores como se ha planteado. El tambi\u00e9n [&hellip;]<\/p>\n","protected":false},"author":3,"featured_media":0,"comment_status":"open","ping_status":"open","sticky":false,"template":"","format":"standard","meta":{"footnotes":""},"categories":[22],"tags":[],"class_list":["post-162145","post","type-post","status-publish","format-standard","hentry","category-politica"],"_links":{"self":[{"href":"https:\/\/diariodominicano.com\/index.php?rest_route=\/wp\/v2\/posts\/162145","targetHints":{"allow":["GET"]}}],"collection":[{"href":"https:\/\/diariodominicano.com\/index.php?rest_route=\/wp\/v2\/posts"}],"about":[{"href":"https:\/\/diariodominicano.com\/index.php?rest_route=\/wp\/v2\/types\/post"}],"author":[{"embeddable":true,"href":"https:\/\/diariodominicano.com\/index.php?rest_route=\/wp\/v2\/users\/3"}],"replies":[{"embeddable":true,"href":"https:\/\/diariodominicano.com\/index.php?rest_route=%2Fwp%2Fv2%2Fcomments&post=162145"}],"version-history":[{"count":0,"href":"https:\/\/diariodominicano.com\/index.php?rest_route=\/wp\/v2\/posts\/162145\/revisions"}],"wp:attachment":[{"href":"https:\/\/diariodominicano.com\/index.php?rest_route=%2Fwp%2Fv2%2Fmedia&parent=162145"}],"wp:term":[{"taxonomy":"category","embeddable":true,"href":"https:\/\/diariodominicano.com\/index.php?rest_route=%2Fwp%2Fv2%2Fcategories&post=162145"},{"taxonomy":"post_tag","embeddable":true,"href":"https:\/\/diariodominicano.com\/index.php?rest_route=%2Fwp%2Fv2%2Ftags&post=162145"}],"curies":[{"name":"wp","href":"https:\/\/api.w.org\/{rel}","templated":true}]}}