{"id":162143,"date":"2014-09-14T15:38:48","date_gmt":"2014-09-14T15:38:48","guid":{"rendered":"http:\/\/diariodominicano.ddns.net\/?p=162143"},"modified":"2014-09-14T15:38:48","modified_gmt":"2014-09-14T15:38:48","slug":"jce-notifico-ayer-a-los-partidos-el-cambio-de-asd","status":"publish","type":"post","link":"https:\/\/diariodominicano.com\/?p=162143","title":{"rendered":"&#13;JCE notific\u00f3 ayer a los partidos el cambio de ASD"},"content":{"rendered":"<p><body><\/p>\n<p><img decoding=\"async\" src=\"img3\/junta 14.jpg\" \/>  <\/p>\n<p>Santo Domingo RD 14 septiembre.- A partir de la notificaci\u00f3n de la resoluci\u00f3n la ASD tiene un plazo de diez d\u00edas para realizar los cambios que le fueron aprobados.<\/p>\n<\/p>\n<p>La Junta Central Electoral (JCE) notific\u00f3 ayer a los partidos la resoluci\u00f3n que aprueba los cambios que someti\u00f3 la Alianza Social Dominicana (ASD) que incluyen el cambio de nombre por el de Partido Revolucionario Moderno (PRM). <\/p>\n<\/p>\n<p>En tanto, los abogados del PRD estudian la posibilidad de someter un recurso de oposici\u00f3n ante la decisi\u00f3n de la JCE. <\/p>\n<\/p>\n<p>Mientras que el secretario general del Partido de la Liberaci\u00f3n Dominicana (PLD), Reinaldo Pared P\u00e9rez, critic\u00f3 la decisi\u00f3n de la JCE de otorgarle el nombre Moderno a un partido pol\u00edtico al considerarlo discriminatorio para las dem\u00e1s organizaciones.<\/p>\n<\/p>\n<p>\u00abModerno y mayoritario son t\u00e9rminos que implican lo mismo, son expresiones despectivas y que arrastran consigo desprecio hacia los dem\u00e1s. Resulta inexplicable e ins\u00f3lito que la JCE haya aceptado el t\u00e9rmino moderno, cuando objet\u00f3 el de mayoritario\u00bb, critic\u00f3 Pared P\u00e9rez a trav\u00e9s de su cuenta de Twitter. El pleno de la JCE aprob\u00f3 los cambios de la ASD en una reuni\u00f3n el pasado martes y fue media hora despu\u00e9s de que la ASD tramit\u00f3 el cambio.<\/p>\n<h6> 2014-09-14 15:38:48 <\/h6>\n<p><!--\n<link rel=\"stylesheet\" href=\"css\/bootstrap.min.css\">\n\n\n<ul class=\"pagination\">\n\t    \n\t\n\n<li >\n\t<a href='?page_no=14578'>Previous<\/a>\n\t<\/li>\n\n\n       \n    \n\n<li><a href='?page_no=1'>1<\/a><\/li>\n\n\n\n<li><a href='?page_no=2'>2<\/a><\/li>\n\n\n\n<li><a>...<\/a><\/li>\n\n\n\n<li><a href='?page_no=14577'>14577<\/a><\/li>\n\n\n\n<li><a href='?page_no=14578'>14578<\/a><\/li>\n\n\n\n<li class='active'><a>14579<\/a><\/li>\n\n\n\n<li><a href='?page_no=14580'>14580<\/a><\/li>\n\n\n\n<li><a href='?page_no=14581'>14581<\/a><\/li>\n\n\n\n<li><a>...<\/a><\/li>\n\n\n\n<li><a href='?page_no=36999'>36999<\/a><\/li>\n\n\n\n<li><a href='?page_no=37000'>37000<\/a><\/li>\n\n    \n\t\n\n<li >\n\t<a href='?page_no=14580'>Next<\/a>\n\t<\/li>\n\n\n    \n\n<li><a href='?page_no=37000'>Last &rsaquo;&rsaquo;<\/a><\/li>\n\n<\/ul>\n\n\n--><br \/>\n<\/body><\/p>\n","protected":false},"excerpt":{"rendered":"<p>Santo Domingo RD 14 septiembre.- A partir de la notificaci\u00f3n de la resoluci\u00f3n la ASD tiene un plazo de diez d\u00edas para realizar los cambios que le fueron aprobados. La Junta Central Electoral (JCE) notific\u00f3 ayer a los partidos la resoluci\u00f3n que aprueba los cambios que someti\u00f3 la Alianza Social Dominicana (ASD) que incluyen el [&hellip;]<\/p>\n","protected":false},"author":3,"featured_media":0,"comment_status":"open","ping_status":"open","sticky":false,"template":"","format":"standard","meta":{"footnotes":""},"categories":[22],"tags":[],"class_list":["post-162143","post","type-post","status-publish","format-standard","hentry","category-politica"],"_links":{"self":[{"href":"https:\/\/diariodominicano.com\/index.php?rest_route=\/wp\/v2\/posts\/162143","targetHints":{"allow":["GET"]}}],"collection":[{"href":"https:\/\/diariodominicano.com\/index.php?rest_route=\/wp\/v2\/posts"}],"about":[{"href":"https:\/\/diariodominicano.com\/index.php?rest_route=\/wp\/v2\/types\/post"}],"author":[{"embeddable":true,"href":"https:\/\/diariodominicano.com\/index.php?rest_route=\/wp\/v2\/users\/3"}],"replies":[{"embeddable":true,"href":"https:\/\/diariodominicano.com\/index.php?rest_route=%2Fwp%2Fv2%2Fcomments&post=162143"}],"version-history":[{"count":0,"href":"https:\/\/diariodominicano.com\/index.php?rest_route=\/wp\/v2\/posts\/162143\/revisions"}],"wp:attachment":[{"href":"https:\/\/diariodominicano.com\/index.php?rest_route=%2Fwp%2Fv2%2Fmedia&parent=162143"}],"wp:term":[{"taxonomy":"category","embeddable":true,"href":"https:\/\/diariodominicano.com\/index.php?rest_route=%2Fwp%2Fv2%2Fcategories&post=162143"},{"taxonomy":"post_tag","embeddable":true,"href":"https:\/\/diariodominicano.com\/index.php?rest_route=%2Fwp%2Fv2%2Ftags&post=162143"}],"curies":[{"name":"wp","href":"https:\/\/api.w.org\/{rel}","templated":true}]}}