{"id":162142,"date":"2014-09-14T16:02:26","date_gmt":"2014-09-14T16:02:26","guid":{"rendered":"http:\/\/diariodominicano.ddns.net\/?p=162142"},"modified":"2014-09-14T16:02:26","modified_gmt":"2014-09-14T16:02:26","slug":"vargas-maldonado-es-juramentado-como-presidente-prd-y-escogido-como-candidato-presidencial-del-2016","status":"publish","type":"post","link":"https:\/\/diariodominicano.com\/?p=162142","title":{"rendered":"Vargas Maldonado es juramentado como presidente PRD y escogido como candidato presidencial del 2016"},"content":{"rendered":"<p><body><\/p>\n<p><img decoding=\"async\" src=\"img3\/Miguel-Vargas-2.jpg\" \/>  <\/p>\n<p><span class=\"text1noticias\">Santo Domingo, R. D., 14 de septiembre.- Con un acto multitudinario celebrado el centro Ol\u00edmpico,  fueron juramentados los nuevos dirigentes nacionales del Partido Revolucionario Dominicano, (PRD), que encabeza el ingeniero Miguel Vargas Maldonado, presidente de la entidad pol\u00edtica, quien fue ratificado en ese cargo, como resultado de la Trig\u00e9sima Convenci\u00f3n ordinaria Noel Suverb\u00ed Espinosa celebrada el 20 de julio de este a\u00f1o.<\/span><\/p>\n<p><span class=\"text1noticias\"> <\/span><\/p>\n<p><span class=\"text1noticias\">El presidente de la Comisi\u00f3n Organizadoras de la Convenci\u00f3n, Julio Mar\u00ed\u00f1ez, tom\u00f3 en juramento a  Vargas Maldonado. Prevenidamente hab\u00edan sido proclamados los dem\u00e1s dirigentes nacionales.<\/span><\/p>\n<p><span class=\"text1noticias\"> <\/span><\/p>\n<p><span class=\"text1noticias\">Los Notarios Jes\u00fas Mar\u00eda Hern\u00e1ndez y Blanca Mar\u00eda Acosta dejaron formalmente abierta la convenci\u00f3n con una asistencia de 3,608 delegados de los 4,467 convocados.   El Doctor Hern\u00e1ndez dijo que comprobado el qu\u00f3rum,  de  80.5 por ciento y siendo las 10:28 de la ma\u00f1ana de este domingo quedaron iniciados los trabajos.<\/span><\/p>\n<p><span class=\"text1noticias\"> <\/span><\/p>\n<p><span class=\"text1noticias\">El presidente de la convenci\u00f3n Jorge Prats, aclar\u00f3 que en esa actividad estaba presente una representaci\u00f3n de la Junta Central electoral para fiscalizar y comprobar el proceso de juramentaci\u00f3n y dem\u00e1s decisiones adoptadas en la convenci\u00f3n.<\/span><\/p>\n<p><span class=\"text1noticias\"> <\/span><\/p>\n<p><span class=\"text1noticias\">La propuesta para proclamar a Vargas Maldonado como candidato presidencial para las elecciones generales del 2016 y otorgarle todos los poderes ordinarios  y extraordinarios en la toma de decisiones del PRD, fue sometida por Carlos Gabriel Garc\u00eda y de inmediato aprobada por aclamaci\u00f3n.<\/span><\/p>\n<p><span class=\"text1noticias\"> <\/span><\/p>\n<p><span class=\"text1noticias\">El ingeniero Vargas Maldonado luego de agradecer la nominaci\u00f3n presidencial y el trabajo de la Comisi\u00f3n Electoral y de la convenci\u00f3n inici\u00f3 su discurso con una an\u00e9cdota de una conversaci\u00f3n que sostuvo con un vendedor en un sem\u00e1foro y que le manifestaba su confianza en \u00e9l para la presidencia de la Rep\u00fablica.<\/span><\/p>\n<p><span class=\"text1noticias\"> <\/span><\/p>\n<p><span class=\"text1noticias\">Aunque en sus manos ten\u00eda un ramo de claveles blancos para todos los que quieran contribuir con el sosiego de la sociedad dominicana y el pueblo dominicano se\u00f1al\u00f3 no olvida las trampas y traiciones de quienes los adversaron.<\/span><\/p>\n<p><span class=\"text1noticias\"> <\/span><\/p>\n<p><span class=\"text1noticias\">Dijo que muchos lo llamaron traidor pero, indic\u00f3 que los traidores fueron aquellos que lo acusaron y se aliaron a otros partidos en el 2010 para que el PRD no tuviera ni un senador.<\/span><\/p>\n<p><span class=\"text1noticias\"> <\/span><\/p>\n<p><span class=\"text1noticias\">Sin embargo, manifest\u00f3 que \u00a8hoy con  decisi\u00f3n y firmeza de coraz\u00f3n pasamos la p\u00e1gina y estamos decididos hacer los cambios que merece nuestro pueblo dominicano.  Cerramos un ciclo que ha sido desafiante y a veces dolorosos\u00a8.<\/span><\/p>\n<p><span class=\"text1noticias\"> <\/span><\/p>\n<p><span class=\"text1noticias\">Vargas Maldonado dijo continuar\u00e1 construyendo el PRD como presidente del partido y asimismo actuar\u00e1 con firmeza y apertura como presidente de la Rep\u00fablica  de ser escogido en las elecciones del 2016. (Pur<\/span>a Blanco)<\/p>\n<h6> 2014-09-14 16:02:26 <\/h6>\n<p><!--\n<link rel=\"stylesheet\" href=\"css\/bootstrap.min.css\">\n\n\n<ul class=\"pagination\">\n\t    \n\t\n\n<li >\n\t<a href='?page_no=14577'>Previous<\/a>\n\t<\/li>\n\n\n       \n    \n\n<li><a href='?page_no=1'>1<\/a><\/li>\n\n\n\n<li><a href='?page_no=2'>2<\/a><\/li>\n\n\n\n<li><a>...<\/a><\/li>\n\n\n\n<li><a href='?page_no=14576'>14576<\/a><\/li>\n\n\n\n<li><a href='?page_no=14577'>14577<\/a><\/li>\n\n\n\n<li class='active'><a>14578<\/a><\/li>\n\n\n\n<li><a href='?page_no=14579'>14579<\/a><\/li>\n\n\n\n<li><a href='?page_no=14580'>14580<\/a><\/li>\n\n\n\n<li><a>...<\/a><\/li>\n\n\n\n<li><a href='?page_no=36999'>36999<\/a><\/li>\n\n\n\n<li><a href='?page_no=37000'>37000<\/a><\/li>\n\n    \n\t\n\n<li >\n\t<a href='?page_no=14579'>Next<\/a>\n\t<\/li>\n\n\n    \n\n<li><a href='?page_no=37000'>Last &rsaquo;&rsaquo;<\/a><\/li>\n\n<\/ul>\n\n\n--><br \/>\n<\/body><\/p>\n","protected":false},"excerpt":{"rendered":"<p>Santo Domingo, R. D., 14 de septiembre.- Con un acto multitudinario celebrado el centro Ol\u00edmpico, fueron juramentados los nuevos dirigentes nacionales del Partido Revolucionario Dominicano, (PRD), que encabeza el ingeniero Miguel Vargas Maldonado, presidente de la entidad pol\u00edtica, quien fue ratificado en ese cargo, como resultado de la Trig\u00e9sima Convenci\u00f3n ordinaria Noel Suverb\u00ed Espinosa celebrada [&hellip;]<\/p>\n","protected":false},"author":3,"featured_media":0,"comment_status":"open","ping_status":"open","sticky":false,"template":"","format":"standard","meta":{"footnotes":""},"categories":[22],"tags":[],"class_list":["post-162142","post","type-post","status-publish","format-standard","hentry","category-politica"],"_links":{"self":[{"href":"https:\/\/diariodominicano.com\/index.php?rest_route=\/wp\/v2\/posts\/162142","targetHints":{"allow":["GET"]}}],"collection":[{"href":"https:\/\/diariodominicano.com\/index.php?rest_route=\/wp\/v2\/posts"}],"about":[{"href":"https:\/\/diariodominicano.com\/index.php?rest_route=\/wp\/v2\/types\/post"}],"author":[{"embeddable":true,"href":"https:\/\/diariodominicano.com\/index.php?rest_route=\/wp\/v2\/users\/3"}],"replies":[{"embeddable":true,"href":"https:\/\/diariodominicano.com\/index.php?rest_route=%2Fwp%2Fv2%2Fcomments&post=162142"}],"version-history":[{"count":0,"href":"https:\/\/diariodominicano.com\/index.php?rest_route=\/wp\/v2\/posts\/162142\/revisions"}],"wp:attachment":[{"href":"https:\/\/diariodominicano.com\/index.php?rest_route=%2Fwp%2Fv2%2Fmedia&parent=162142"}],"wp:term":[{"taxonomy":"category","embeddable":true,"href":"https:\/\/diariodominicano.com\/index.php?rest_route=%2Fwp%2Fv2%2Fcategories&post=162142"},{"taxonomy":"post_tag","embeddable":true,"href":"https:\/\/diariodominicano.com\/index.php?rest_route=%2Fwp%2Fv2%2Ftags&post=162142"}],"curies":[{"name":"wp","href":"https:\/\/api.w.org\/{rel}","templated":true}]}}