{"id":162141,"date":"2014-09-14T16:20:22","date_gmt":"2014-09-14T16:20:22","guid":{"rendered":"http:\/\/diariodominicano.ddns.net\/?p=162141"},"modified":"2014-09-14T16:20:22","modified_gmt":"2014-09-14T16:20:22","slug":"fernando-rosa-asegura-que-en-2016-subira-las-escalinatas-del-ayuntamiento-de-santiago","status":"publish","type":"post","link":"https:\/\/diariodominicano.com\/?p=162141","title":{"rendered":"Fernando Rosa asegura que en 2016 subir\u00e1 las escalinatas del Ayuntamiento de Santiago"},"content":{"rendered":"<p><body><\/p>\n<p><img decoding=\"async\" src=\"img3\/manoamano.jpg\" \/>  <\/p>\n<p><span class=\"text1noticias\">SANTIAGO, RD, 14 de Septiembre.-El precandidato a la Alcald\u00eda por Santiago del Partido de la Liberaci\u00f3n Dominicana (PLD), Licenciado Fernando Rosa, sigui\u00f3 recibiendo respaldo en los masivos \u00abMano a Mano\u00bb  que realiza en los diferentes sectores de este municipio, de cara  a convertirse en el pr\u00f3ximo alcalde de la ciudad coraz\u00f3n.<\/span><\/p>\n<\/p>\n<p><span class=\"text1noticias\">Fernando recorri\u00f3 el sector Bella Vista y La comunidad de Gurabo en un \u00abMano a Mano\u00bb  donde fue recibido con alegr\u00eda  por centenares de personas en casas, calles y callejones.<\/span><\/p>\n<\/p>\n<p><span class=\"text1noticias\">Al llegar a los puntos de encuentros de la actividad proselitista el aspirante a la alcald\u00eda por Santiago era rodeado por los militantes y simpatizantes de estas localidades quienes le acompa\u00f1aron  en todo el recorrido.<\/span><\/p>\n<\/p>\n<p><span class=\"text1noticias\">Dirigentes y coordinadores manifestaron que con la escogencia del Licenciado Fernando Rosa, la ciudad de Santiago gana una persona responsable, segura y un pol\u00edtico que conoce cada uno de sus dirigentes y un ser humano que vela por el bienestar de cada unos de los habitantes de la ciudad que lo vio nacer.<\/span><\/p>\n<p><span class=\"text1noticias\">\u00abEstamos convencido que Fernando Rosa, que es un autentico Santiaguero ser\u00e1 el pr\u00f3ximo alcalde de la ciudad coraz\u00f3n, ya que, es el \u00fanico que representa un progreso para la ciudad, adem\u00e1s de poseer un carisma que atrae a muchos seguidores, una persona que cae bien, por lo tanto es la mejor opci\u00f3n para que dirija los destinos de esta ciudad\u00bb, dijeron dirigentes zonales.<\/span><\/p>\n<\/p>\n<p><span class=\"text1noticias\">El licenciado Fernando Rosa expres\u00f3 que los recorridos por los barrios constituyen una experiencia sumamente valiosa, ya que le permiten no solo palpar los muchos problemas sociales que afectan a las comunidades, sino tambi\u00e9n escuchar a los ciudadanos y apreciar el  sentimiento de cambio que se expresa espont\u00e1neamente en cada colectividad de Santiago.<\/span><\/p>\n<\/p>\n<p><span class=\"text1noticias\">El precandidato a la alcald\u00eda se mostr\u00f3 satisfecho por la entusiasta acogida que ha tenido en los diversos lugares visitados, vaticin\u00f3 que ser\u00e1 el pr\u00f3ximo alcalde de la ciudad de Santiago debido a que los mun\u00edcipes no volver\u00e1n al retroceso.<\/span><\/p>\n<\/p>\n<p><span class=\"text1noticias\">El licenciado Rosa dijo que con el apoyo que ha recibido del Partido de la Liberaci\u00f3n Dominicana y los distintos sectores que se han integrado a la campa\u00f1a, ser\u00e1 el alcalde de la ciudad de Santiago y pidi\u00f3 unificaci\u00f3n de todos los sectores para sellar definitivamente el triunfo y as\u00ed todos juntos subir las escalinatas del ayuntamiento de Santiago despu\u00e9s de 24 a\u00f1os fuera del poder municipal.<\/span><\/p>\n<\/p>\n<p><span class=\"text1noticias\">Dijo sentirse satisfecho con lo que est\u00e1 pasando con su precandidatura, ya que en cada sector que realiza una actividad de este tipo se convierte en un gran mitin y una muestra fehaciente de que Santiago necesita un cambio, de hombres y mujeres pulcros y transparente para manejar los recursos y as\u00ed dirigir los destinos del la ciudad que merecemos.<\/span><\/p>\n<\/p>\n<p><strong><span class=\"text1noticias\">Juramenta el Movimiento<\/span><\/strong><\/p>\n<\/p>\n<p><span class=\"text1noticias\">El aspirante a la alcald\u00eda por Santiago, recibi\u00f3 el apoyo del Movimiento \u00abLos Galleros con Fernando\u00bb, el cual se dedicar\u00e1 a buscar nuevos votantes y sumar seguidores con el objetiv\u00f3  de que Fernando Rosa sea el pr\u00f3ximo alcalde de la ciudad coraz\u00f3n.<\/span><\/p>\n<\/p>\n<p><span class=\"text1noticias\">El acto fue realizado en la cancha del sector los Jazmines donde asistieron decenas de comunitarios,  galleros y traberos dedicados a la crianzas del deporte del pico y las espuelas.<\/span><\/p>\n<\/p>\n<p><span class=\"text1noticias\">La presidenta del Movimiento Los Galleros con Fernando, Sandra Altagracia Rosario, se comprometi\u00f3 hacer todo lo posible para que el Licenciado Rosa sea el alcalde de Santiago.<\/span><\/p>\n<\/p>\n<p><span class=\"text1noticias\">Fernando Rosa agradeci\u00f3 a los integrantes del movimiento \u00abLos Galleros con Fernando\u00bb, por el hecho de asumir la candidatura como la m\u00e1s id\u00f3nea y representativa para ser el Alcalde de Santiago.<\/span><\/p>\n<\/p>\n<p><span class=\"text1noticias\">Aseguro que con la integraci\u00f3n de este movimiento \u00abLos Galleros con Fernando\u00bb, no queda duda de que los Santiagueros y Santiagueras quieren un cambio en la alcald\u00eda de Santiago y ese cambio lo hare Yo, Fernando Rosa.(HG)<\/span>.<\/p>\n<h6> 2014-09-14 16:20:22 <\/h6>\n<p><!--\n<link rel=\"stylesheet\" href=\"css\/bootstrap.min.css\">\n\n\n<ul class=\"pagination\">\n\t    \n\t\n\n<li >\n\t<a href='?page_no=14576'>Previous<\/a>\n\t<\/li>\n\n\n       \n    \n\n<li><a href='?page_no=1'>1<\/a><\/li>\n\n\n\n<li><a href='?page_no=2'>2<\/a><\/li>\n\n\n\n<li><a>...<\/a><\/li>\n\n\n\n<li><a href='?page_no=14575'>14575<\/a><\/li>\n\n\n\n<li><a href='?page_no=14576'>14576<\/a><\/li>\n\n\n\n<li class='active'><a>14577<\/a><\/li>\n\n\n\n<li><a href='?page_no=14578'>14578<\/a><\/li>\n\n\n\n<li><a href='?page_no=14579'>14579<\/a><\/li>\n\n\n\n<li><a>...<\/a><\/li>\n\n\n\n<li><a href='?page_no=36999'>36999<\/a><\/li>\n\n\n\n<li><a href='?page_no=37000'>37000<\/a><\/li>\n\n    \n\t\n\n<li >\n\t<a href='?page_no=14578'>Next<\/a>\n\t<\/li>\n\n\n    \n\n<li><a href='?page_no=37000'>Last &rsaquo;&rsaquo;<\/a><\/li>\n\n<\/ul>\n\n\n--><br \/>\n<\/body><\/p>\n","protected":false},"excerpt":{"rendered":"<p>SANTIAGO, RD, 14 de Septiembre.-El precandidato a la Alcald\u00eda por Santiago del Partido de la Liberaci\u00f3n Dominicana (PLD), Licenciado Fernando Rosa, sigui\u00f3 recibiendo respaldo en los masivos \u00abMano a Mano\u00bb que realiza en los diferentes sectores de este municipio, de cara a convertirse en el pr\u00f3ximo alcalde de la ciudad coraz\u00f3n. Fernando recorri\u00f3 el sector [&hellip;]<\/p>\n","protected":false},"author":3,"featured_media":0,"comment_status":"open","ping_status":"open","sticky":false,"template":"","format":"standard","meta":{"footnotes":""},"categories":[22],"tags":[],"class_list":["post-162141","post","type-post","status-publish","format-standard","hentry","category-politica"],"_links":{"self":[{"href":"https:\/\/diariodominicano.com\/index.php?rest_route=\/wp\/v2\/posts\/162141","targetHints":{"allow":["GET"]}}],"collection":[{"href":"https:\/\/diariodominicano.com\/index.php?rest_route=\/wp\/v2\/posts"}],"about":[{"href":"https:\/\/diariodominicano.com\/index.php?rest_route=\/wp\/v2\/types\/post"}],"author":[{"embeddable":true,"href":"https:\/\/diariodominicano.com\/index.php?rest_route=\/wp\/v2\/users\/3"}],"replies":[{"embeddable":true,"href":"https:\/\/diariodominicano.com\/index.php?rest_route=%2Fwp%2Fv2%2Fcomments&post=162141"}],"version-history":[{"count":0,"href":"https:\/\/diariodominicano.com\/index.php?rest_route=\/wp\/v2\/posts\/162141\/revisions"}],"wp:attachment":[{"href":"https:\/\/diariodominicano.com\/index.php?rest_route=%2Fwp%2Fv2%2Fmedia&parent=162141"}],"wp:term":[{"taxonomy":"category","embeddable":true,"href":"https:\/\/diariodominicano.com\/index.php?rest_route=%2Fwp%2Fv2%2Fcategories&post=162141"},{"taxonomy":"post_tag","embeddable":true,"href":"https:\/\/diariodominicano.com\/index.php?rest_route=%2Fwp%2Fv2%2Ftags&post=162141"}],"curies":[{"name":"wp","href":"https:\/\/api.w.org\/{rel}","templated":true}]}}