{"id":162140,"date":"2014-09-14T16:46:04","date_gmt":"2014-09-14T16:46:04","guid":{"rendered":"http:\/\/diariodominicano.ddns.net\/?p=162140"},"modified":"2014-09-14T16:46:04","modified_gmt":"2014-09-14T16:46:04","slug":"quique-pide-al-gobierno-pague-rd72-millones-adeuda-a-productores-san-juan-de-la-maguana","status":"publish","type":"post","link":"https:\/\/diariodominicano.com\/?p=162140","title":{"rendered":"Quique pide al Gobierno pague RD$72 millones adeuda a productores San Juan de la Maguana"},"content":{"rendered":"<p><body><\/p>\n<p><img decoding=\"async\" src=\"img3\/Quique.jpg\" \/>  <\/p>\n<p><span class=\"text1noticias\">San Juan de la Maguana, RD, 14 de Septiembre.-El presidente del Partido Reformista Social Cristiano (PRSC), ingeniero Federico Ant\u00fan Batlle (Quique), pidi\u00f3 al Gobierno que honre el compromiso de la deuda que tiene con los productores y propietarios de maquinarias agr\u00edcolas de la zona que asciende a m\u00e1s de 72 millones de pesos, lo que dijo est\u00e1 afectando de manera sensible la producci\u00f3n de habichuelas, arroz y otros rubros.<\/span><\/p>\n<\/p>\n<p><span class=\"text1noticias\">Quique Ant\u00fan denunci\u00f3 que producto de esta deuda a muchos due\u00f1os de estos equipos les han incautado unidades de tractores y otros aparatos agr\u00edcolas.<\/span><\/p>\n<\/p>\n<p><span class=\"text1noticias\">Explic\u00f3 que las deudas es por concepto de roturaci\u00f3n o acondicionamiento de miles de tareas que fueron incluidas en la primera fase de la reconversi\u00f3n del sector agropecuario.<\/span><\/p>\n<\/p>\n<p><span class=\"text1noticias\">Record\u00f3 que el presidente Danilo Medina en una visita que hizo a esta provincia prometi\u00f3 pagar la deuda, pero todav\u00eda esto no se ha hecho realidad, por lo que solicit\u00f3 al Jefe del Estado que de prioridad al pago de esta deuda.<\/span><\/p>\n<\/p>\n<p><span class=\"text1noticias\">Manifest\u00f3 que los productores de habichuelas y propietarios de m\u00e1quinas agr\u00edcolas han hecho m\u00faltiples gestiones a trav\u00e9s del Ministerio de Agricultura y de otras instituciones estatales en busca de que se honre ese compromiso que los mantiene pr\u00e1cticamente en la quiebra.<\/span><\/p>\n<\/p>\n<p><span class=\"text1noticias\">\u00abEsas gestiones no han sido suficientes, a pesar de las m\u00faltiples promesas que han recibido de funcionarios del Gobierno de que la deuda se va a pagar\u00bb, agreg\u00f3.<\/span><\/p>\n<\/p>\n<p><span class=\"text1noticias\">El l\u00edder de los reformistas dijo que en su visita hecha a esta a San Juan de la Maguana este fin de semana, se reuni\u00f3 con representativos de los diferentes sectores, incluyendo productores y propietarios de maquinas agr\u00edcolas, y todos coinciden en la necesidad de reclamarle al Gobierno el pago de esa deuda para que vuelva a la normalidad el ritmo de la producci\u00f3n agr\u00edcola en la zona con la preparaci\u00f3n de los terrenos para la producci\u00f3n agr\u00edcolas.<\/span><\/p>\n<\/p>\n<p><span class=\"text1noticias\">Indic\u00f3 que la informaci\u00f3n que tiene es que algunas de estas deudas datan desde el a\u00f1o pasado.<\/span><\/p>\n<\/p>\n<p><span class=\"text1noticias\">El presidente del PRSC habl\u00f3 en un concurrido acto donde dej\u00f3 juramentado a m\u00e1s de mil j\u00f3venes de esta provincia que ingresaron al nuevo reformismo y se comprometieron a trabajar de manera activa por el fortalecimiento del partido de cara a las elecciones de 2016. QuiqueAnt\u00fan estuvo acompa\u00f1ado de dirigentes nacionales, entre ellos el senador Amable Aristy Castro,Miguel Bogaert, M\u00e1ximo Castro Silverio,Sergia Elena de S\u00e9liman, Alfredo Gonz\u00e1lez P\u00e9rez, Milton Ginebra, Jos\u00e9 Tatis G\u00f3mez, Fernando Padovani, RcardoEspaillat y otros.Tambien los aspirantes a la presidencia de la JRSC, Peter Amable, Carlos Modesto Guzm\u00e1n y Eddy Antonio.<\/span><\/p>\n<\/p>\n<p><span class=\"text1noticias\">Felicita feria de empleos<\/span><\/p>\n<\/p>\n<p><span class=\"text1noticias\">Asimismo, el ingeniero Quique Ant\u00fan felicit\u00f3 la iniciativa del Gobierno y de la empresa de zonas francas Laurus Internacional por la iniciativa de promover una feria de empleos en San Juan de la Maguana.<\/span><\/p>\n<\/p>\n<p><span class=\"text1noticias\">Dijo que la medida de ofertar unos tres mil 500 empleos a personas con edades entre los 18 y 58 a\u00f1os ayuda a mejorar las condiciones de vida de muchas personas de la zona, principalmente j\u00f3venes, que son los m\u00e1s afectados con la alta tasa de desempleo que existe en el pa\u00eds.<\/span><\/p>\n<\/p>\n<p><span class=\"text1noticias\">Resalt\u00f3 que este tipo de iniciativa debe implementarse en otras provincias del pa\u00eds donde el desempleo constituye una de las preocupaciones m\u00e1s sentidas de la poblaci\u00f3n,  principalmente en los sectores de la juventud y de las mujeres.<\/span><\/p>\n<\/p>\n<p><span class=\"text1noticias\">Caminos vecinales inservibles <\/span><\/p>\n<\/p>\n<p><span class=\"text1noticias\">Por otra parte, el presidente del Partido Reformista denunci\u00f3 la situaci\u00f3n de deterioro en que se encuentran los caminos vecinales de San Juan de la Maguana, lo que est\u00e1 provocando la p\u00e9rdida de muchos productos agr\u00edcolas ante la imposibilidad de ser sacado a tiempo a los mercados de las ciudades.<\/span><\/p>\n<\/p>\n<p><span class=\"text1noticias\">Asegur\u00f3 que hay caminos vecinales que no se reparan desde hace m\u00e1s de diez a\u00f1os, lo que dijo han llegado a niveles pr\u00e1cticamente intransitables.<\/span><\/p>\n<\/p>\n<p><span class=\"text1noticias\">Cit\u00f3 los caminos que unen al municipio cabecera con La Jagua, El \u00c1tico, Las Charcas de Mar\u00eda Nova, La Zanja, El Cacheo y otros.<\/span><\/p>\n<p><span class=\"text1noticias\">Igualmente, denunci\u00f3 el mal estado de las principales calles de la ciudad de San Juan la Maguana.<\/span><\/p>\n<p><span class=\"text1noticias\">En el encuentro participaron los principales dirigentes de la provincia de San Juan de la Maguana, entre ellos el ingeniero Jos\u00e9 Pi\u00f1a, Manuel Alfaro, Hilario M\u00e9ndez, Pascual Cedano, Mart\u00ednez Morillo, Juana Aqu\u00edno, Luis Bautista, Deyanira Dubal, Jos\u00e9 Valenzuela, Claudio Mateo, Miguel Mart\u00ednez, Elisandro Melo, entre otros.(HG)<\/span>.<\/p>\n<h6> 2014-09-14 16:46:04 <\/h6>\n<p><!--\n<link rel=\"stylesheet\" href=\"css\/bootstrap.min.css\">\n\n\n<ul class=\"pagination\">\n\t    \n\t\n\n<li >\n\t<a href='?page_no=14575'>Previous<\/a>\n\t<\/li>\n\n\n       \n    \n\n<li><a href='?page_no=1'>1<\/a><\/li>\n\n\n\n<li><a href='?page_no=2'>2<\/a><\/li>\n\n\n\n<li><a>...<\/a><\/li>\n\n\n\n<li><a href='?page_no=14574'>14574<\/a><\/li>\n\n\n\n<li><a href='?page_no=14575'>14575<\/a><\/li>\n\n\n\n<li class='active'><a>14576<\/a><\/li>\n\n\n\n<li><a href='?page_no=14577'>14577<\/a><\/li>\n\n\n\n<li><a href='?page_no=14578'>14578<\/a><\/li>\n\n\n\n<li><a>...<\/a><\/li>\n\n\n\n<li><a href='?page_no=36999'>36999<\/a><\/li>\n\n\n\n<li><a href='?page_no=37000'>37000<\/a><\/li>\n\n    \n\t\n\n<li >\n\t<a href='?page_no=14577'>Next<\/a>\n\t<\/li>\n\n\n    \n\n<li><a href='?page_no=37000'>Last &rsaquo;&rsaquo;<\/a><\/li>\n\n<\/ul>\n\n\n--><br \/>\n<\/body><\/p>\n","protected":false},"excerpt":{"rendered":"<p>San Juan de la Maguana, RD, 14 de Septiembre.-El presidente del Partido Reformista Social Cristiano (PRSC), ingeniero Federico Ant\u00fan Batlle (Quique), pidi\u00f3 al Gobierno que honre el compromiso de la deuda que tiene con los productores y propietarios de maquinarias agr\u00edcolas de la zona que asciende a m\u00e1s de 72 millones de pesos, lo que [&hellip;]<\/p>\n","protected":false},"author":3,"featured_media":0,"comment_status":"open","ping_status":"open","sticky":false,"template":"","format":"standard","meta":{"footnotes":""},"categories":[22],"tags":[],"class_list":["post-162140","post","type-post","status-publish","format-standard","hentry","category-politica"],"_links":{"self":[{"href":"https:\/\/diariodominicano.com\/index.php?rest_route=\/wp\/v2\/posts\/162140","targetHints":{"allow":["GET"]}}],"collection":[{"href":"https:\/\/diariodominicano.com\/index.php?rest_route=\/wp\/v2\/posts"}],"about":[{"href":"https:\/\/diariodominicano.com\/index.php?rest_route=\/wp\/v2\/types\/post"}],"author":[{"embeddable":true,"href":"https:\/\/diariodominicano.com\/index.php?rest_route=\/wp\/v2\/users\/3"}],"replies":[{"embeddable":true,"href":"https:\/\/diariodominicano.com\/index.php?rest_route=%2Fwp%2Fv2%2Fcomments&post=162140"}],"version-history":[{"count":0,"href":"https:\/\/diariodominicano.com\/index.php?rest_route=\/wp\/v2\/posts\/162140\/revisions"}],"wp:attachment":[{"href":"https:\/\/diariodominicano.com\/index.php?rest_route=%2Fwp%2Fv2%2Fmedia&parent=162140"}],"wp:term":[{"taxonomy":"category","embeddable":true,"href":"https:\/\/diariodominicano.com\/index.php?rest_route=%2Fwp%2Fv2%2Fcategories&post=162140"},{"taxonomy":"post_tag","embeddable":true,"href":"https:\/\/diariodominicano.com\/index.php?rest_route=%2Fwp%2Fv2%2Ftags&post=162140"}],"curies":[{"name":"wp","href":"https:\/\/api.w.org\/{rel}","templated":true}]}}