{"id":162139,"date":"2014-09-14T16:50:10","date_gmt":"2014-09-14T16:50:10","guid":{"rendered":"http:\/\/diariodominicano.ddns.net\/?p=162139"},"modified":"2014-09-14T16:50:10","modified_gmt":"2014-09-14T16:50:10","slug":"leonel-fernandez-los-vientos-llevaran-nuevamente-al-pld-a-subir-las-escalinatas-del-palacio-nacional-en-el-2016","status":"publish","type":"post","link":"https:\/\/diariodominicano.com\/?p=162139","title":{"rendered":"Leonel Fern\u00e1ndez: \u00abLos vientos llevar\u00e1n nuevamente al PLD a subir las escalinatas del Palacio Nacional en el 2016&#8243;&#13;"},"content":{"rendered":"<p><body><\/p>\n<p><img decoding=\"async\" src=\"img3\/leo 14.jpeg\" \/>  <\/p>\n<p><span class=\"text1noticias\">SAN FRANCISCO DE MACORIS, 14 de  Septiembre de 2014.- El expresidente de la Rep\u00fablica, doctor Leonel Fern\u00e1ndez, afirm\u00f3 el s\u00e1bado aqu\u00ed que los vientos est\u00e1n soplando con tanta intensidad, tanto en el Nordeste como en el resto del pa\u00eds, que llevar\u00e1n al Partido de la Liberaci\u00f3n Dominicana (PLD) a subir nuevamente las escalinatas del Palacio Nacional en el a\u00f1o 2016.<\/span><\/p>\n<\/p>\n<p><span class=\"text1noticias\">Fern\u00e1ndez hizo el pronunciamiento  durante un concurrido acto organizado por el Movimiento C\u00edvico ACCIONA y Sociedad Rural de Leonel (SORUDEL), entidades que le anticiparon su respaldo, en caso que decida buscar la presidencia de la Rep\u00fablica.<\/span><\/p>\n<\/p>\n<p><span class=\"text1noticias\">En su intervenci\u00f3n, el ex mandatario afirm\u00f3 que San Francisco de Macor\u00eds ha jugado un rol cardinal en los principales momentos de la historia del pa\u00eds, incluyendo la guerra de abril de 1965.<\/span><\/p>\n<\/p>\n<p><span class=\"text1noticias\">A seguidas, record\u00f3 que fue en San Francisco de Macor\u00eds donde se produjo el primer levantamiento armado en contra de la anexi\u00f3n del pa\u00eds a Espa\u00f1a, en la segunda mitad del siglo XIX.<\/span><\/p>\n<\/p>\n<p><span class=\"text1noticias\">De igual manera, sostuvo que esta demarcaci\u00f3n provincial, que lleva el nombre del patricio Juan Pablo Duarte, ha jugado un rol preponderante en el proceso de construcci\u00f3n de la democracia dominicana.<\/span><\/p>\n<p><span class=\"text1noticias\">\u00abSan Francisco de Macor\u00eds sigue jugando su rol, y hoy monta en popa a todo vapor\u00bb, indic\u00f3 el ex gobernante, en medio de prolongados aplausos y vivas de parte de cientos de personas que se congregaron en la explanada frontal de la Ciudad Ganadera de esta provincia para pedirle que se postule de cara a las elecciones del 2016.<\/span><\/p>\n<\/p>\n<p><span class=\"text1noticias\">En el acto hablaron representantes de diferentes segmentos de la sociedad macorisana, entre el presidente provincial del PLD, Andr\u00e9s Acosta, quien le pidi\u00f3 al exmandatario que privilegiara a San Francisco de Macor\u00eds diciendo p\u00fablicamente que se postular\u00e1 nuevamente a la presidencia de la Rep\u00fablica.<\/span><\/p>\n<\/p>\n<p><span class=\"text1noticias\">Fern\u00e1ndez se reserv\u00f3 la respuesta para el futuro y reiter\u00f3 que el PLD ganar\u00e1  las elecciones del 2016 en la primera vuelta, debido a la gran aceptaci\u00f3n que tiene la organizaci\u00f3n en la poblaci\u00f3n, lo que le ha dado varios triunfos repetidos y coloca a esa organizaci\u00f3n en una posici\u00f3n ventajosa de cara a futuros procesos electorales.<\/span><\/p>\n<\/p>\n<p><span class=\"text1noticias\">Explic\u00f3 que ese posicionamiento del PLD se debe al gran legado que esa organizaci\u00f3n ha construido desde el poder, el cual se manifiesta en grandes obras de infraestructuras, entre las que cit\u00f3 la carretera que comunica a Sano Domingo con el Nordeste y la propia Ciudad Ganadera en donde se realiz\u00f3 el acto.<\/span><\/p>\n<\/p>\n<p><span class=\"text1noticias\">\u00abEl PLD se ha ganado el respeto y la admiraci\u00f3n del pueblo dominicano\u00bb, afirm\u00f3 el ex presidente  Fern\u00e1ndez.<\/span><\/p>\n<\/p>\n<\/p>\n<\/p>\n<h6> 2014-09-14 16:50:10 <\/h6>\n<p><!--\n<link rel=\"stylesheet\" href=\"css\/bootstrap.min.css\">\n\n\n<ul class=\"pagination\">\n\t    \n\t\n\n<li >\n\t<a href='?page_no=14574'>Previous<\/a>\n\t<\/li>\n\n\n       \n    \n\n<li><a href='?page_no=1'>1<\/a><\/li>\n\n\n\n<li><a href='?page_no=2'>2<\/a><\/li>\n\n\n\n<li><a>...<\/a><\/li>\n\n\n\n<li><a href='?page_no=14573'>14573<\/a><\/li>\n\n\n\n<li><a href='?page_no=14574'>14574<\/a><\/li>\n\n\n\n<li class='active'><a>14575<\/a><\/li>\n\n\n\n<li><a href='?page_no=14576'>14576<\/a><\/li>\n\n\n\n<li><a href='?page_no=14577'>14577<\/a><\/li>\n\n\n\n<li><a>...<\/a><\/li>\n\n\n\n<li><a href='?page_no=36999'>36999<\/a><\/li>\n\n\n\n<li><a href='?page_no=37000'>37000<\/a><\/li>\n\n    \n\t\n\n<li >\n\t<a href='?page_no=14576'>Next<\/a>\n\t<\/li>\n\n\n    \n\n<li><a href='?page_no=37000'>Last &rsaquo;&rsaquo;<\/a><\/li>\n\n<\/ul>\n\n\n--><br \/>\n<\/body><\/p>\n","protected":false},"excerpt":{"rendered":"<p>SAN FRANCISCO DE MACORIS, 14 de Septiembre de 2014.- El expresidente de la Rep\u00fablica, doctor Leonel Fern\u00e1ndez, afirm\u00f3 el s\u00e1bado aqu\u00ed que los vientos est\u00e1n soplando con tanta intensidad, tanto en el Nordeste como en el resto del pa\u00eds, que llevar\u00e1n al Partido de la Liberaci\u00f3n Dominicana (PLD) a subir nuevamente las escalinatas del Palacio [&hellip;]<\/p>\n","protected":false},"author":3,"featured_media":0,"comment_status":"open","ping_status":"open","sticky":false,"template":"","format":"standard","meta":{"footnotes":""},"categories":[22],"tags":[],"class_list":["post-162139","post","type-post","status-publish","format-standard","hentry","category-politica"],"_links":{"self":[{"href":"https:\/\/diariodominicano.com\/index.php?rest_route=\/wp\/v2\/posts\/162139","targetHints":{"allow":["GET"]}}],"collection":[{"href":"https:\/\/diariodominicano.com\/index.php?rest_route=\/wp\/v2\/posts"}],"about":[{"href":"https:\/\/diariodominicano.com\/index.php?rest_route=\/wp\/v2\/types\/post"}],"author":[{"embeddable":true,"href":"https:\/\/diariodominicano.com\/index.php?rest_route=\/wp\/v2\/users\/3"}],"replies":[{"embeddable":true,"href":"https:\/\/diariodominicano.com\/index.php?rest_route=%2Fwp%2Fv2%2Fcomments&post=162139"}],"version-history":[{"count":0,"href":"https:\/\/diariodominicano.com\/index.php?rest_route=\/wp\/v2\/posts\/162139\/revisions"}],"wp:attachment":[{"href":"https:\/\/diariodominicano.com\/index.php?rest_route=%2Fwp%2Fv2%2Fmedia&parent=162139"}],"wp:term":[{"taxonomy":"category","embeddable":true,"href":"https:\/\/diariodominicano.com\/index.php?rest_route=%2Fwp%2Fv2%2Fcategories&post=162139"},{"taxonomy":"post_tag","embeddable":true,"href":"https:\/\/diariodominicano.com\/index.php?rest_route=%2Fwp%2Fv2%2Ftags&post=162139"}],"curies":[{"name":"wp","href":"https:\/\/api.w.org\/{rel}","templated":true}]}}