{"id":162138,"date":"2014-09-15T04:00:26","date_gmt":"2014-09-15T04:00:26","guid":{"rendered":"http:\/\/diariodominicano.ddns.net\/?p=162138"},"modified":"2014-09-15T04:00:26","modified_gmt":"2014-09-15T04:00:26","slug":"montas-afirma-alta-popularidad-de-danilo-justifica-continuar-la-alternabilidad-en-el-poder","status":"publish","type":"post","link":"https:\/\/diariodominicano.com\/?p=162138","title":{"rendered":"Mont\u00e1s afirma alta popularidad de Danilo justifica continuar la alternabilidad en el poder"},"content":{"rendered":"<p><body><\/p>\n<p><img decoding=\"async\" src=\"img3\/temo000.jpg\" \/><br \/><img decoding=\"async\" src=\"img3\/temo0002.jpg\" \/>  <\/p>\n<p><span class=\"text1noticias\">NAGUA, Mar\u00eda Trinidad S\u00e1nchez, 14 de Agosto de 2014. ? El buen gobierno que encabeza actualmente el presidente Danilo Medina es la mejor demostraci\u00f3n de que hay que continuar fortaleciendo la alternabilidad en el poder, afirm\u00f3 este domingo aqui el precandidato presidencial pelede\u00edsta Tem\u00edstocles Mont\u00e1s, quien asegur\u00f3 que el pr\u00f3ximo presidente tendr\u00e1 que \u00abcalzarse las botas\u00bb del mandatario porque eso es lo que quiere el pueblo dominicano.<\/span><\/p>\n<\/p>\n<p><span class=\"text1noticias\">Mont\u00e1s, quien encabez\u00f3  actos masivos en esta ciudad y en la provincia de Saman\u00e1, dijo que la encuesta Gallup-Hoy en la que Medina obtiene un 91% de aprobaci\u00f3n debe interpretarse como el deseo ferviente del pueblo dominicano de que se siga alternando el liderazgo nacional y del Partido de la Liberaci\u00f3n Dominicana (PLD).<\/span><\/p>\n<\/p>\n<p><span class=\"text1noticias\">\u00abQuien gane las elecciones de 2016 tendr\u00e1 que calzarse las botas y el traje del compa\u00f1ero Danilo Medina porque eso es lo que quiere el pueblo dominicano\u00bb, expres\u00f3 el precandidato presidencial del PLD. <\/span><\/p>\n<\/p>\n<p><span class=\"text1noticias\">Manifest\u00f3 que el hecho de que el 91% de la poblaci\u00f3n reconozca que el compa\u00f1ero Danilo Medina est\u00e1 haciendo un gobierno \u00abmuy bueno\u00bb  ha sido posible porque se altern\u00f3 el poder en 2012&#8243;. <\/span><\/p>\n<\/p>\n<p><span class=\"text1noticias\">\u00abSi no hubiese sido Danilo y hubiese continuado lo mismo, otra fuera la situaci\u00f3n. Este resultado habla bien de la alternabilidad, pues hoy los dominicanos se sienten conformes y contentos con el gobierno de Danilo Medina. Si no se hubiese escogido a Danilo en 2012 el pa\u00eds hubiera perdido la oportunidad de disfrutar de un gran presidente, pero lo logramos y ahora vamos a elegir a un tercero, porque eso es lo que le conviene a la democracia dominicana\u00bb, expres\u00f3 el alto dirigente del PLD.<\/span><\/p>\n<p><span class=\"text1noticias\">Rodeado de los m\u00e1s importantes dirigentes del PLD en cada acto en esta regi\u00f3n Nordeste, Mont\u00e1s sostuvo que ya la alternabilidad se abre paso con tanta fuerza que nadie podr\u00e1 detenerla en el interior de la organizaci\u00f3n y mucho menos en el seno del pueblo dominicano.<\/span><\/p>\n<p><span class=\"text1noticias\">\u00abCon su estilo de gobernar, el compa\u00f1ero Danilo Medina est\u00e1 poniendo en alto lo que nos ense\u00f1\u00f3 el profesor Juan Bosch, quien en la pr\u00e1ctica demostr\u00f3 que se iba al gobierno a servir a los dem\u00e1s, no a servirse del gobierno\u00bb, apunt\u00f3 Mont\u00e1s.<\/span><\/p>\n<p><span class=\"text1noticias\">El tambi\u00e9n ministro de Econom\u00eda, Planificaci\u00f3n y Desarrollo del gobierno del PLD advirti\u00f3 que \u00abel que gobierne a partir de agosto de 2016 tendr\u00e1 que seguir trillando el camino que nos est\u00e1 trazando el compa\u00f1ero Danilo Medina desde el gobierno: tiene que ser un hombre honesto, un hombre sencillo, con los pies en la tierra, en contacto con la poblaci\u00f3n y que no se deje deslumbrar por el poder\u00bb. <\/span><\/p>\n<p><span class=\"text1noticias\">Prometi\u00f3 que si las bases del PLD lo eligen su candidato el pr\u00f3ximo a\u00f1o y llega a la Presidencia de la Rep\u00fablica,  \u00abvoy a seguir impulsando cambios como los que hace el compa\u00f1ero Danilo Medina para poner el gobierno al servicio del pueblo dominicano\u00bb porque despu\u00e9s del actual gobernante, \u00e9l es quien m\u00e1s preparado est\u00e1 para continuar su obra.  <\/span><\/p>\n<p><span class=\"text1noticias\">Mont\u00e1s record\u00f3 que en las pasadas elecciones el PLD sac\u00f3 como partido solo el 38% de los votos, pero \u00abhoy tenemos 54% de simpat\u00eda popular, lo que quiere decir que al pueblo le gusta la alternabilidad que llev\u00f3 el compa\u00f1ero Danilo Medina al poder y yo voy a seguir ese camino\u00bb.<\/span><\/p>\n<p><span class=\"text1noticias\">Igualdad salarial entre hombre y mujer<\/span><\/p>\n<p><span class=\"text1noticias\">Mont\u00e1s dijo que un gobierno suyo en 2016 impulsar\u00e1 la igualdad salarial entre mujeres y hombres y adem\u00e1s impulsar\u00e1 pol\u00edticas p\u00fablicas tendentes a mejorar sustancialmente la participaci\u00f3n de la mujer en la administraci\u00f3n p\u00fablica y en los \u00f3rganos legislativos y municipales.<\/span><\/p>\n<p><span class=\"text1noticias\">\u00abLograr la igualdad humana pasa por lograr la igualdad de oportunidades entre hombres y mujeres en la Rep\u00fablica Dominicana\u00bb, expuso el dirigente pol\u00edtico ante miles de sus seguidores reunidos en el Centro de Detallistas, donde habl\u00f3 el s\u00edndico de El Factor, Cheo Paredes, quien coordina el Proyecto Presidencial Temo 2016 en la provincia Mar\u00eda Trinidad S\u00e1nchez.<\/span><\/p>\n<p><span class=\"text1noticias\">Paredes inform\u00f3 a los presentes que de tres s\u00edndicos que tiene la provincia, dos est\u00e1n con Mont\u00e1s y de seis directores de Juntas de Distritos Municipales, cinco apoyan el proyecto presidencial Temo Presidente. <\/span><\/p>\n<p><span class=\"text1noticias\">Igualmente, Mont\u00e1s prometi\u00f3 que dar\u00e1 prioridad a las pol\u00edticas de inclusi\u00f3n de la juventud para que se integren a un gobierno dispuesto a reducir pobreza y a ganar igualdad.<\/span><\/p>\n<p><span class=\"text1noticias\">Antes de llegar a Nagua, Mont\u00e1s inici\u00f3 el recorrido en horas de la ma\u00f1ana con un encuentro de dirigentes del PLD en la residencia de Willie Esteban, coordinador de su proyecto pol\u00edtico en Las Terrenas, donde estaban presentes numerosos de dirigentes que intercambiaron impresiones sobre la situaci\u00f3n pol\u00edtica.<\/span><\/p>\n<p><span class=\"text1noticias\">Otro encuentro masivo fue celebrado en Arroyo Barril, Saman\u00e1, donde el respaldo al candidato de la alternabilidad democr\u00e1tica tiene un arraigo considerable.<\/span><\/p>\n<p><span class=\"text1noticias\">Posteriormente se detuvo en la comunidad de El Lim\u00f3n, Saman\u00e1, donde visit\u00f3 a la dirigente local del PLD  profesora Hilandia Fr\u00edas, donde abord\u00f3 algunos problemas de la comunidad, junto a otros dirigentes y activistas locales. Previamente visit\u00f3 la escuela Rosa Anderson,  donde realiz\u00f3 un operativo m\u00e9dico.<\/span><\/p>\n<p><span class=\"text1noticias\">Igualmente, Mont\u00e1s hizo otra parada en la comunidad Juana Vicente, de Saman\u00e1, donde encabez\u00f3  un encuentro comunitario en la escuela Profesor Estrella M. Bodden con los lugare\u00f1os sobre el abastecimiento de agua potable. <\/span><\/p>\n<p><span class=\"text1noticias\">En la ciudad de Saman\u00e1, Mont\u00e1s se reuni\u00f3 con un grupo de dirigentes del PLD la casa de Juan Carlos Abreu, uno de los coordinadores locales, donde habl\u00f3 Manuel Medina, Santiago Hidalgo, coordinador general y Roisa Senci\u00f3n.<\/span><\/p>\n<\/p>\n<\/p>\n<\/p>\n<h6> 2014-09-15 04:00:26 <\/h6>\n<p><!--\n<link rel=\"stylesheet\" href=\"css\/bootstrap.min.css\">\n\n\n<ul class=\"pagination\">\n\t    \n\t\n\n<li >\n\t<a href='?page_no=14573'>Previous<\/a>\n\t<\/li>\n\n\n       \n    \n\n<li><a href='?page_no=1'>1<\/a><\/li>\n\n\n\n<li><a href='?page_no=2'>2<\/a><\/li>\n\n\n\n<li><a>...<\/a><\/li>\n\n\n\n<li><a href='?page_no=14572'>14572<\/a><\/li>\n\n\n\n<li><a href='?page_no=14573'>14573<\/a><\/li>\n\n\n\n<li class='active'><a>14574<\/a><\/li>\n\n\n\n<li><a href='?page_no=14575'>14575<\/a><\/li>\n\n\n\n<li><a href='?page_no=14576'>14576<\/a><\/li>\n\n\n\n<li><a>...<\/a><\/li>\n\n\n\n<li><a href='?page_no=36999'>36999<\/a><\/li>\n\n\n\n<li><a href='?page_no=37000'>37000<\/a><\/li>\n\n    \n\t\n\n<li >\n\t<a href='?page_no=14575'>Next<\/a>\n\t<\/li>\n\n\n    \n\n<li><a href='?page_no=37000'>Last &rsaquo;&rsaquo;<\/a><\/li>\n\n<\/ul>\n\n\n--><br \/>\n<\/body><\/p>\n","protected":false},"excerpt":{"rendered":"<p>NAGUA, Mar\u00eda Trinidad S\u00e1nchez, 14 de Agosto de 2014. ? El buen gobierno que encabeza actualmente el presidente Danilo Medina es la mejor demostraci\u00f3n de que hay que continuar fortaleciendo la alternabilidad en el poder, afirm\u00f3 este domingo aqui el precandidato presidencial pelede\u00edsta Tem\u00edstocles Mont\u00e1s, quien asegur\u00f3 que el pr\u00f3ximo presidente tendr\u00e1 que \u00abcalzarse las [&hellip;]<\/p>\n","protected":false},"author":3,"featured_media":0,"comment_status":"open","ping_status":"open","sticky":false,"template":"","format":"standard","meta":{"footnotes":""},"categories":[22],"tags":[],"class_list":["post-162138","post","type-post","status-publish","format-standard","hentry","category-politica"],"_links":{"self":[{"href":"https:\/\/diariodominicano.com\/index.php?rest_route=\/wp\/v2\/posts\/162138","targetHints":{"allow":["GET"]}}],"collection":[{"href":"https:\/\/diariodominicano.com\/index.php?rest_route=\/wp\/v2\/posts"}],"about":[{"href":"https:\/\/diariodominicano.com\/index.php?rest_route=\/wp\/v2\/types\/post"}],"author":[{"embeddable":true,"href":"https:\/\/diariodominicano.com\/index.php?rest_route=\/wp\/v2\/users\/3"}],"replies":[{"embeddable":true,"href":"https:\/\/diariodominicano.com\/index.php?rest_route=%2Fwp%2Fv2%2Fcomments&post=162138"}],"version-history":[{"count":0,"href":"https:\/\/diariodominicano.com\/index.php?rest_route=\/wp\/v2\/posts\/162138\/revisions"}],"wp:attachment":[{"href":"https:\/\/diariodominicano.com\/index.php?rest_route=%2Fwp%2Fv2%2Fmedia&parent=162138"}],"wp:term":[{"taxonomy":"category","embeddable":true,"href":"https:\/\/diariodominicano.com\/index.php?rest_route=%2Fwp%2Fv2%2Fcategories&post=162138"},{"taxonomy":"post_tag","embeddable":true,"href":"https:\/\/diariodominicano.com\/index.php?rest_route=%2Fwp%2Fv2%2Ftags&post=162138"}],"curies":[{"name":"wp","href":"https:\/\/api.w.org\/{rel}","templated":true}]}}