{"id":162136,"date":"2014-09-15T13:26:52","date_gmt":"2014-09-15T13:26:52","guid":{"rendered":"http:\/\/diariodominicano.ddns.net\/?p=162136"},"modified":"2014-09-15T13:26:52","modified_gmt":"2014-09-15T13:26:52","slug":"la-convergencia-por-un-meor-pais-anuncia-3-caravanas-simultaneas-hacia-el-distrito-nacional","status":"publish","type":"post","link":"https:\/\/diariodominicano.com\/?p=162136","title":{"rendered":"La Convergencia por un Meor pa\u00eds anuncia 3 caravanas simult\u00e1neas hacia el Distrito Nacional"},"content":{"rendered":"<p><body><\/p>\n<p><img decoding=\"async\" src=\"img3\/conver 15.png\" \/>  <\/p>\n<p>Santo Domingo RD 15 septiembre.- En el marco de su acompa\u00f1amiento a los sectores que reivindican derechos laborales, sociales e institucionales, la Convergencia por un Mejor Pa\u00eds junto al  colectivo sindical y social anuncian la realizaci\u00f3n de tres marcha caravanas simult\u00e1neas partiendo de Azua, Loma Miranda y San Pedro de Macor\u00eds el d\u00eda 25 de octubre hacia el Distrito Nacional. <\/p>\n<\/p>\n<p>Reclaman un aumento general de sueldos para empleados y pensionados del sector p\u00fablico y privado efectivo al mes de enero del a\u00f1o 2015 y de la conversi\u00f3n en Parque Nacional de Loma Miranda.<\/p>\n<\/p>\n<p>Fausto Herrera Catalino, coordinador de los frente de masas del grupo de partidos pol\u00edticos y movimientos sociales expres\u00f3 \u00abante la p\u00e9rdida del poder adquisitivo de los salarios de los trabajadores al nivel de hace 35 a\u00f1os, la amenaza de un sector empresarial que busca desandar conquistas laborales y un gobierno ineficaz y encubridor de impunidad, que no da respuesta a la gente, el cambio pol\u00edtico va\u00bb.<\/p>\n<\/p>\n<p>Puntualiz\u00f3 que \u00abla movilizaci\u00f3n de la Coalici\u00f3n es de car\u00e1cter permanente, hasta lograr un proyecto de naci\u00f3n, una plataforma program\u00e1tica y un compromiso de gobierno que genere un cambio sustancial en las condiciones sociales y econ\u00f3micas de la poblaci\u00f3n dominicana, por lo que tambi\u00e9n anunciaremos pr\u00f3ximamente la realizaci\u00f3n de una huelga general, entre otras de las acciones de las jornadas de lucha que efectuaremos\u00bb.<\/p>\n<\/p>\n<p>Lo que justific\u00f3, porque \u00abdurante catorce a\u00f1os de gobierno del Partido de la Liberaci\u00f3n Dominicana (PLD) encabezados por Leonel Fern\u00e1ndez y Danilo Medina han concentrado grandes recursos econ\u00f3micos, establecido y desarrollado un sistema de corrupci\u00f3n p\u00fablica que le ha permitido agenciarse un electorado cautivo sobre la base de pol\u00edticas clientelistas sustentadas en el control hegem\u00f3nico de las instituciones electorales y del Estado.\u00bb<\/p>\n<\/p>\n<p>Que no han hecho m\u00e1s, seg\u00fan indica, que \u00abdeteriorar la calidad de vida de la gente, sobre endeudar al pa\u00eds y darle la espalda a los problemas estructurales y presentes, como no aplicar pol\u00edticas p\u00fablicas que auguren desarrollo humano a nuestras futuras generaciones\u00bb.<\/p>\n<\/p>\n<p>Hizo referencia a temas como los salarios, cuyo poder adquisitivo es menor que en 1979; a la deuda y sus intereses, que consumen m\u00e1s del 45% del PIB, lo que alarma no solo al FMI, sino que hace cuestionar el destino de ese dinero, que en un 67% lo pagan los pobres que son los mayores contribuyentes, seg\u00fan certifica el propio Estado a trav\u00e9s de la Direcci\u00f3n General de Impuestos Internos (DGII).<\/p>\n<\/p>\n<p>Las entidades critican que el sistema de salud y seguridad social est\u00e9n en el suelo; que los apagones y d\u00e9ficit del sector el\u00e9ctrico obliguen a disponer de m\u00e1s de 800 millones de d\u00f3lares anuales para pagar lo que se\u00f1alaron como \u00abinjustos contratos\u00bb con los generadores de electricidad y que los ciudadanos tengan que pagar, tambi\u00e9n, unos 3 d\u00f3lares de sobre precio por los combustible.<\/p>\n<\/p>\n<p>\u00abLa lucha por justas leyes electoral y de partidos, adecuada inversi\u00f3n en educaci\u00f3n y salud, Loma Miranda Parque Nacional y un 5% de PIB para la Universidad Aut\u00f3noma de Santo Domingo, como por una equidad fiscal, empleo a los j\u00f3venes, a las mujeres y efectivas pol\u00edticas p\u00fablicas sigue, es nuestro firme compromiso\u00bb, concluy\u00f3 Herrera Catalino.<\/p>\n<\/p>\n<p>El pronunciamiento se llev\u00f3 a cabo en rueda de prensa en el local del Consejo de la Unidad Sindical (CNUS), con la participaci\u00f3n de representantes de los partidos Revolucionario Mayoritario (PRM), La Multitud, Humanista Dominicano (PHD), Frente Amplio (FA), Foro Renovador del PRD, Red de Acci\u00f3n Pol\u00edtica, Ciudadanos por la Democracia (CCD) y Dominicanos por el Orgullo Nacional (DON)<\/p>\n<h6> 2014-09-15 13:26:52 <\/h6>\n<p><!--\n<link rel=\"stylesheet\" href=\"css\/bootstrap.min.css\">\n\n\n<ul class=\"pagination\">\n\t    \n\t\n\n<li >\n\t<a href='?page_no=14571'>Previous<\/a>\n\t<\/li>\n\n\n       \n    \n\n<li><a href='?page_no=1'>1<\/a><\/li>\n\n\n\n<li><a href='?page_no=2'>2<\/a><\/li>\n\n\n\n<li><a>...<\/a><\/li>\n\n\n\n<li><a href='?page_no=14570'>14570<\/a><\/li>\n\n\n\n<li><a href='?page_no=14571'>14571<\/a><\/li>\n\n\n\n<li class='active'><a>14572<\/a><\/li>\n\n\n\n<li><a href='?page_no=14573'>14573<\/a><\/li>\n\n\n\n<li><a href='?page_no=14574'>14574<\/a><\/li>\n\n\n\n<li><a>...<\/a><\/li>\n\n\n\n<li><a href='?page_no=36999'>36999<\/a><\/li>\n\n\n\n<li><a href='?page_no=37000'>37000<\/a><\/li>\n\n    \n\t\n\n<li >\n\t<a href='?page_no=14573'>Next<\/a>\n\t<\/li>\n\n\n    \n\n<li><a href='?page_no=37000'>Last &rsaquo;&rsaquo;<\/a><\/li>\n\n<\/ul>\n\n\n--><br \/>\n<\/body><\/p>\n","protected":false},"excerpt":{"rendered":"<p>Santo Domingo RD 15 septiembre.- En el marco de su acompa\u00f1amiento a los sectores que reivindican derechos laborales, sociales e institucionales, la Convergencia por un Mejor Pa\u00eds junto al colectivo sindical y social anuncian la realizaci\u00f3n de tres marcha caravanas simult\u00e1neas partiendo de Azua, Loma Miranda y San Pedro de Macor\u00eds el d\u00eda 25 de [&hellip;]<\/p>\n","protected":false},"author":3,"featured_media":0,"comment_status":"open","ping_status":"open","sticky":false,"template":"","format":"standard","meta":{"footnotes":""},"categories":[22],"tags":[],"class_list":["post-162136","post","type-post","status-publish","format-standard","hentry","category-politica"],"_links":{"self":[{"href":"https:\/\/diariodominicano.com\/index.php?rest_route=\/wp\/v2\/posts\/162136","targetHints":{"allow":["GET"]}}],"collection":[{"href":"https:\/\/diariodominicano.com\/index.php?rest_route=\/wp\/v2\/posts"}],"about":[{"href":"https:\/\/diariodominicano.com\/index.php?rest_route=\/wp\/v2\/types\/post"}],"author":[{"embeddable":true,"href":"https:\/\/diariodominicano.com\/index.php?rest_route=\/wp\/v2\/users\/3"}],"replies":[{"embeddable":true,"href":"https:\/\/diariodominicano.com\/index.php?rest_route=%2Fwp%2Fv2%2Fcomments&post=162136"}],"version-history":[{"count":0,"href":"https:\/\/diariodominicano.com\/index.php?rest_route=\/wp\/v2\/posts\/162136\/revisions"}],"wp:attachment":[{"href":"https:\/\/diariodominicano.com\/index.php?rest_route=%2Fwp%2Fv2%2Fmedia&parent=162136"}],"wp:term":[{"taxonomy":"category","embeddable":true,"href":"https:\/\/diariodominicano.com\/index.php?rest_route=%2Fwp%2Fv2%2Fcategories&post=162136"},{"taxonomy":"post_tag","embeddable":true,"href":"https:\/\/diariodominicano.com\/index.php?rest_route=%2Fwp%2Fv2%2Ftags&post=162136"}],"curies":[{"name":"wp","href":"https:\/\/api.w.org\/{rel}","templated":true}]}}