{"id":162134,"date":"2014-09-15T13:52:05","date_gmt":"2014-09-15T13:52:05","guid":{"rendered":"http:\/\/diariodominicano.ddns.net\/?p=162134"},"modified":"2014-09-15T13:52:05","modified_gmt":"2014-09-15T13:52:05","slug":"presidente-del-prsd-heridas-entre-miguel-e-hipolito-son-muy-profundas-cree-no-se-entenderan","status":"publish","type":"post","link":"https:\/\/diariodominicano.com\/?p=162134","title":{"rendered":"Presidente del PRSD heridas entre Miguel e Hip\u00f3lito son muy profundas, cree no se entender\u00e1n"},"content":{"rendered":"<p><body><\/p>\n<p><img decoding=\"async\" src=\"img3\/hatuey 15.php.html\" \/>  <\/p>\n<p>Santo Domingo RD 15 septiembre.- El presidente del Partido Revolucionario Social Dem\u00f3crata (PRSD), Hatuey De Camps, advirti\u00f3 que las heridas originadas por la divisi\u00f3n entre Hip\u00f3lito Mej\u00eda y Miguel Vargas, dificultan un entendimiento en una eventual segunda vuelta de las elecciones del 2016.<\/p>\n<\/p>\n<p>Manifest\u00f3 que la atomizaci\u00f3n de la oposici\u00f3n es un factor que coadyuva a que el Partido de la Liberaci\u00f3n Dominicana (PLD) contin\u00fae en el gobierno en las pr\u00f3ximas elecciones.<\/p>\n<\/p>\n<p>\u00abLas heridas han sido muy fuertes y dificultan, de cierto modo, los entendimientos, es lamentable, pero es cierto, y  desgraciadamente todo indica que ellos est\u00e1n remachando sus cadenas\u00bb, proclam\u00f3.<\/p>\n<\/p>\n<p>Asegur\u00f3 que la situaci\u00f3n est\u00e1 dada para que haya un cambio, pero la estulticia en c\u00f3mo se han manejado ambos grupos \u00abes una barbaridad\u00bb.<\/p>\n<\/p>\n<p>\u00abEs muy lamentable, la divisi\u00f3n del PRD, m\u00e1s lamentable a\u00fan es que dos empresarios, como Hip\u00f3lito y como Miguel, o tres como Luis tambi\u00e9n, no se hayan podido poner de acuerdo\u00bb, apunt\u00f3.<\/p>\n<\/p>\n<p>Entrevistado por el periodista Federico M\u00e9ndez en el programa Esferas de Poder, que se transmite los domingos por Santo Domingo TV, consider\u00f3 que esa divisi\u00f3n lo que hace es asfaltarle la ruta al PLD en las elecciones de mayo del 2016.<\/p>\n<\/p>\n<p>De Camps entiende que est\u00e1n dadas las condiciones para poder derrotar al PLD, pero la oferta de la oposici\u00f3n est\u00e1 muy atomizada, lo cual beneficia al partido de gobierno.<\/p>\n<\/p>\n<p>Expres\u00f3 que el cambio de nombre a la Alianza Social Dominicana es normal en el panorama pol\u00edtico.<\/p>\n<\/p>\n<p>\u00abLo que yo s\u00ed hab\u00eda advertido es que el adjetivo de mayoritario se lo otorgasen, pero Moderno, que fue una reacci\u00f3n, una maniobra r\u00e1pida del grupo de Hip\u00f3lito y de Luis, yo creo que no tiene mayores problemas, pese a las declaraciones del ex presidente del Senado de la Rep\u00fablica, Pared P\u00e9rez, que critic\u00f3 esa acci\u00f3n de la Junta\u00bb, subray\u00f3.<\/p>\n<\/p>\n<p>Revel\u00f3 que el s\u00edmbolo que usa actualmente el Partido Revolucionario Moderno fue creado por \u00e9l, pero no lo registr\u00f3 ni ha planteado nunca exclusividad.<\/p>\n<h6> 2014-09-15 13:52:05 <\/h6>\n<p><!--\n<link rel=\"stylesheet\" href=\"css\/bootstrap.min.css\">\n\n\n<ul class=\"pagination\">\n\t    \n\t\n\n<li >\n\t<a href='?page_no=14569'>Previous<\/a>\n\t<\/li>\n\n\n       \n    \n\n<li><a href='?page_no=1'>1<\/a><\/li>\n\n\n\n<li><a href='?page_no=2'>2<\/a><\/li>\n\n\n\n<li><a>...<\/a><\/li>\n\n\n\n<li><a href='?page_no=14568'>14568<\/a><\/li>\n\n\n\n<li><a href='?page_no=14569'>14569<\/a><\/li>\n\n\n\n<li class='active'><a>14570<\/a><\/li>\n\n\n\n<li><a href='?page_no=14571'>14571<\/a><\/li>\n\n\n\n<li><a href='?page_no=14572'>14572<\/a><\/li>\n\n\n\n<li><a>...<\/a><\/li>\n\n\n\n<li><a href='?page_no=36999'>36999<\/a><\/li>\n\n\n\n<li><a href='?page_no=37000'>37000<\/a><\/li>\n\n    \n\t\n\n<li >\n\t<a href='?page_no=14571'>Next<\/a>\n\t<\/li>\n\n\n    \n\n<li><a href='?page_no=37000'>Last &rsaquo;&rsaquo;<\/a><\/li>\n\n<\/ul>\n\n\n--><br \/>\n<\/body><\/p>\n","protected":false},"excerpt":{"rendered":"<p>Santo Domingo RD 15 septiembre.- El presidente del Partido Revolucionario Social Dem\u00f3crata (PRSD), Hatuey De Camps, advirti\u00f3 que las heridas originadas por la divisi\u00f3n entre Hip\u00f3lito Mej\u00eda y Miguel Vargas, dificultan un entendimiento en una eventual segunda vuelta de las elecciones del 2016. Manifest\u00f3 que la atomizaci\u00f3n de la oposici\u00f3n es un factor que coadyuva [&hellip;]<\/p>\n","protected":false},"author":3,"featured_media":0,"comment_status":"open","ping_status":"open","sticky":false,"template":"","format":"standard","meta":{"footnotes":""},"categories":[22],"tags":[],"class_list":["post-162134","post","type-post","status-publish","format-standard","hentry","category-politica"],"_links":{"self":[{"href":"https:\/\/diariodominicano.com\/index.php?rest_route=\/wp\/v2\/posts\/162134","targetHints":{"allow":["GET"]}}],"collection":[{"href":"https:\/\/diariodominicano.com\/index.php?rest_route=\/wp\/v2\/posts"}],"about":[{"href":"https:\/\/diariodominicano.com\/index.php?rest_route=\/wp\/v2\/types\/post"}],"author":[{"embeddable":true,"href":"https:\/\/diariodominicano.com\/index.php?rest_route=\/wp\/v2\/users\/3"}],"replies":[{"embeddable":true,"href":"https:\/\/diariodominicano.com\/index.php?rest_route=%2Fwp%2Fv2%2Fcomments&post=162134"}],"version-history":[{"count":0,"href":"https:\/\/diariodominicano.com\/index.php?rest_route=\/wp\/v2\/posts\/162134\/revisions"}],"wp:attachment":[{"href":"https:\/\/diariodominicano.com\/index.php?rest_route=%2Fwp%2Fv2%2Fmedia&parent=162134"}],"wp:term":[{"taxonomy":"category","embeddable":true,"href":"https:\/\/diariodominicano.com\/index.php?rest_route=%2Fwp%2Fv2%2Fcategories&post=162134"},{"taxonomy":"post_tag","embeddable":true,"href":"https:\/\/diariodominicano.com\/index.php?rest_route=%2Fwp%2Fv2%2Ftags&post=162134"}],"curies":[{"name":"wp","href":"https:\/\/api.w.org\/{rel}","templated":true}]}}