{"id":162130,"date":"2014-09-15T19:10:53","date_gmt":"2014-09-15T19:10:53","guid":{"rendered":"http:\/\/diariodominicano.ddns.net\/?p=162130"},"modified":"2014-09-15T19:10:53","modified_gmt":"2014-09-15T19:10:53","slug":"formacion-politica-del-pld-llevara-jornada-de-capacitacion-a-los-comites-intermedios","status":"publish","type":"post","link":"https:\/\/diariodominicano.com\/?p=162130","title":{"rendered":"&#13;&#13;Formaci\u00f3n Pol\u00edtica del PLD llevar\u00e1 jornada de capacitaci\u00f3n a los Comit\u00e9s Intermedios"},"content":{"rendered":"<p><body><\/p>\n<p><img decoding=\"async\" src=\"img3\/alejandrina.jpg\" \/>  <\/p>\n<p><span class=\"text1noticias\"> <\/span><\/p>\n<\/p>\n<p><span class=\"text1noticias\"> <\/span><\/p>\n<p><span class=\"text1noticias\">Santo Domingo, RD, 15 de septiembre.- La Secretar\u00eda de Formaci\u00f3n Pol\u00edtica del Partido de la Liberaci\u00f3n (PLD) est\u00e1 reclamando de los presidentes de Comit\u00e9s Provinciales, Municipales, de Circunscripciones, Seccionales y de Distritos Municipales el nombre y las generales de los encargados de Formaci\u00f3n Pol\u00edtica en los Comit\u00e9s Intermedios para con ellos planificar el desarrollo del programa formativo en esas instancias.<\/span><\/p>\n<p><span class=\"text1noticias\"> <\/span><\/p>\n<p><span class=\"text1noticias\">Mediante circular, firmada por Alejandrina Germ\u00e1n, titular de la Secretar\u00eda de Formaci\u00f3n Pol\u00edtica,  se est\u00e1 invitando a que se suministren nombres, n\u00fameros de tel\u00e9fonos, correos electr\u00f3nicos o cuentas en redes sociales de los responsables de la Formaci\u00f3n Pol\u00edtica en los comit\u00e9s intermedios del pa\u00eds y del exterior.<\/span><\/p>\n<p><span class=\"text1noticias\"> <\/span><\/p>\n<p><span class=\"text1noticias\">Por igual se est\u00e1 recabando nombres, tel\u00e9fonos y correos electr\u00f3nicos de los dirigentes del PLD quienes se designar\u00e1n como facilitadores para coordinar  las jornadas formativas que se realizar\u00e1n en los comit\u00e9s intermedios con lo que se dar\u00e1 cumplimiento a las decisiones del VIII Congreso Ordinario Comandante Norge Botello.<\/span><\/p>\n<p><span class=\"text1noticias\"> <\/span><\/p>\n<p><span class=\"text1noticias\">\u00abLas listas de los compa\u00f1eros debe ser remitidas a la Secretar\u00eda de Formaci\u00f3n Pol\u00edtica, ubicada en la Casa Nacional del Partido de la Liberaci\u00f3n Dominicana, Av Independencia esquina Cervantes, Santo Domingo, D.N. o al correo electr\u00f3nicopldformacionpolitica@gmail.com, a m\u00e1s tardar el 18 de septiembre del corriente a\u00f1o\u00bb se precisa en la circular.<\/span><\/p>\n<p><span class=\"text1noticias\"> <\/span><\/p>\n<p><span class=\"text1noticias\">Terminada las distintas fases del Seminario Hacia  una Nueva Visi\u00f3n de la Formaci\u00f3n Pol\u00edtica, el PLD se propone desarrollar el plan formativo en los comit\u00e9s intermedios para lo cual organiza la estructura para materializar esta meta partidaria.<\/span><\/p>\n<h6> 2014-09-15 19:10:53 <\/h6>\n<p><!--\n<link rel=\"stylesheet\" href=\"css\/bootstrap.min.css\">\n\n\n<ul class=\"pagination\">\n\t    \n\t\n\n<li >\n\t<a href='?page_no=14566'>Previous<\/a>\n\t<\/li>\n\n\n       \n    \n\n<li><a href='?page_no=1'>1<\/a><\/li>\n\n\n\n<li><a href='?page_no=2'>2<\/a><\/li>\n\n\n\n<li><a>...<\/a><\/li>\n\n\n\n<li><a href='?page_no=14565'>14565<\/a><\/li>\n\n\n\n<li><a href='?page_no=14566'>14566<\/a><\/li>\n\n\n\n<li class='active'><a>14567<\/a><\/li>\n\n\n\n<li><a href='?page_no=14568'>14568<\/a><\/li>\n\n\n\n<li><a href='?page_no=14569'>14569<\/a><\/li>\n\n\n\n<li><a>...<\/a><\/li>\n\n\n\n<li><a href='?page_no=36999'>36999<\/a><\/li>\n\n\n\n<li><a href='?page_no=37000'>37000<\/a><\/li>\n\n    \n\t\n\n<li >\n\t<a href='?page_no=14568'>Next<\/a>\n\t<\/li>\n\n\n    \n\n<li><a href='?page_no=37000'>Last &rsaquo;&rsaquo;<\/a><\/li>\n\n<\/ul>\n\n\n--><br \/>\n<\/body><\/p>\n","protected":false},"excerpt":{"rendered":"<p>Santo Domingo, RD, 15 de septiembre.- La Secretar\u00eda de Formaci\u00f3n Pol\u00edtica del Partido de la Liberaci\u00f3n (PLD) est\u00e1 reclamando de los presidentes de Comit\u00e9s Provinciales, Municipales, de Circunscripciones, Seccionales y de Distritos Municipales el nombre y las generales de los encargados de Formaci\u00f3n Pol\u00edtica en los Comit\u00e9s Intermedios para con ellos planificar el desarrollo del [&hellip;]<\/p>\n","protected":false},"author":3,"featured_media":0,"comment_status":"open","ping_status":"open","sticky":false,"template":"","format":"standard","meta":{"footnotes":""},"categories":[22],"tags":[],"class_list":["post-162130","post","type-post","status-publish","format-standard","hentry","category-politica"],"_links":{"self":[{"href":"https:\/\/diariodominicano.com\/index.php?rest_route=\/wp\/v2\/posts\/162130","targetHints":{"allow":["GET"]}}],"collection":[{"href":"https:\/\/diariodominicano.com\/index.php?rest_route=\/wp\/v2\/posts"}],"about":[{"href":"https:\/\/diariodominicano.com\/index.php?rest_route=\/wp\/v2\/types\/post"}],"author":[{"embeddable":true,"href":"https:\/\/diariodominicano.com\/index.php?rest_route=\/wp\/v2\/users\/3"}],"replies":[{"embeddable":true,"href":"https:\/\/diariodominicano.com\/index.php?rest_route=%2Fwp%2Fv2%2Fcomments&post=162130"}],"version-history":[{"count":0,"href":"https:\/\/diariodominicano.com\/index.php?rest_route=\/wp\/v2\/posts\/162130\/revisions"}],"wp:attachment":[{"href":"https:\/\/diariodominicano.com\/index.php?rest_route=%2Fwp%2Fv2%2Fmedia&parent=162130"}],"wp:term":[{"taxonomy":"category","embeddable":true,"href":"https:\/\/diariodominicano.com\/index.php?rest_route=%2Fwp%2Fv2%2Fcategories&post=162130"},{"taxonomy":"post_tag","embeddable":true,"href":"https:\/\/diariodominicano.com\/index.php?rest_route=%2Fwp%2Fv2%2Ftags&post=162130"}],"curies":[{"name":"wp","href":"https:\/\/api.w.org\/{rel}","templated":true}]}}