{"id":162127,"date":"2014-09-15T19:47:44","date_gmt":"2014-09-15T19:47:44","guid":{"rendered":"http:\/\/diariodominicano.ddns.net\/?p=162127"},"modified":"2014-09-15T19:47:44","modified_gmt":"2014-09-15T19:47:44","slug":"ministro-jose-del-castillo-y-lideres-comunitarios-de-la-provincia-barahona-se-reunen-en-ny","status":"publish","type":"post","link":"https:\/\/diariodominicano.com\/?p=162127","title":{"rendered":"&#13;&#13;&#13;Ministro Jos\u00e9 Del Castillo y l\u00edderes comunitarios de la provincia Barahona se re\u00fanen en NY"},"content":{"rendered":"<p><body><\/p>\n<p><img decoding=\"async\" src=\"img3\/delcastillo.jpg\" \/>  <\/p>\n<\/p>\n<p><span class=\"text1noticias\">Nueva York, EEUU,15 de septiembre.-Un conversatorio se realiz\u00f3 el pasado viernes con la comunidad Barahonera en el Consulado General Dominicano en esta ciudad, donde se habl\u00f3 de diferentes temas con el Ministro de Industria y Comercio, Jos\u00e9 Del Castillo Savi\u00f1\u00f3n, en el que participaron representantes de los municipios de la provincia Barahona. <\/span><\/p>\n<\/p>\n<p><span class=\"text1noticias\">El encuentro se desarrollo bajo un ambiente de muchos respectos y armon\u00eda en el que los participantes hicieron muchas preguntas a Castillo Savi\u00f1\u00f3n, la cual fueron respondidas con muchos conocimientos de la regi\u00f3n Enriquillo que comprende las provincias de la zona.<\/span><\/p>\n<p><span class=\"text1noticias\"> <\/span><\/p>\n<p><span class=\"text1noticias\">Castillo Savi\u00f1\u00f3n, fue preguntado sobre su aspiraci\u00f3n de convertirse en Senador por la provincias de Barahona, la cual respondi\u00f3 \u00abque as\u00ed ser\u00e1 el pr\u00f3ximo inc\u00fambete que representar\u00e1 al pueblo en el senado es quien le habla ya que la gente, la belleza de la naturaleza y el microclima de la loma son envidiable adem\u00e1s muy involucrado con todas las comunidades de la regi\u00f3n\u00bb.  <\/span><\/p>\n<p><span class=\"text1noticias\"> <\/span><\/p>\n<p><span class=\"text1noticias\">Argument\u00f3, \u00abYo tengo un compromiso con Barahona, porque su gente respondi\u00f3 cuando los necesit\u00e1bamos, por lo tanto estoy comprometido con el pueblo, tambi\u00e9n, para ayudarlos en su desarrollo tur\u00edstico as\u00ed como, en otras arias\u00bb. Manifest\u00f3, Jos\u00e9 Del Castillo Savi\u00f1\u00f3n.<\/span><\/p>\n<p><span class=\"text1noticias\"> <\/span><\/p>\n<p><span class=\"text1noticias\">Afirm\u00f3, que el pr\u00f3ximo mes de octubre estar\u00e1 nuevamente aqu\u00ed para sostener un encuentro con la comunidad Barahonera, donde expondr\u00e1 su plataforma y realizar\u00e1 intercambio de impresiones con cada uno de los representantes de municipios que conforman la provincia de Barahona la perla del Sur. Expres\u00f3, Castillo Savi\u00f1\u00f3n. <\/span><\/p>\n<p><span class=\"text1noticias\"> <\/span><\/p>\n<p><span class=\"text1noticias\">Resalt\u00f3, el buen gobierno que est\u00e1 ejecutando   el presidente Danilo Medina, que tiene como prioridad la educaci\u00f3n, el analfabetismo, creaci\u00f3n de empleos dignos, que la gente tenga confianza y esperanza en la estabilidad econ\u00f3mica que vive el Pa\u00eds.<\/span><\/p>\n<p><span class=\"text1noticias\"> <\/span><\/p>\n<p><span class=\"text1noticias\">Entre los presentes de la comunidad Barahonera residentes en la urbe neoyorquina se encontraban Benjam\u00edn Vargas, Miguelina Echavarr\u00eda, Abel Santana, Mija\u00edl Alc\u00e1ntara, Elida Almonte, Luis Lithgow, Arturo Ortiz, Rafael Polanco, Carlos McCoy, Ricardo Burroughs, Alejandro G\u00f3mez, Israel Cuesta, Luis Galarza y  Orbes Terrero entre otros.<\/span><\/p>\n<\/p>\n<h6> 2014-09-15 19:47:44 <\/h6>\n<p><!--\n<link rel=\"stylesheet\" href=\"css\/bootstrap.min.css\">\n\n\n<ul class=\"pagination\">\n\t    \n\t\n\n<li >\n\t<a href='?page_no=14563'>Previous<\/a>\n\t<\/li>\n\n\n       \n    \n\n<li><a href='?page_no=1'>1<\/a><\/li>\n\n\n\n<li><a href='?page_no=2'>2<\/a><\/li>\n\n\n\n<li><a>...<\/a><\/li>\n\n\n\n<li><a href='?page_no=14562'>14562<\/a><\/li>\n\n\n\n<li><a href='?page_no=14563'>14563<\/a><\/li>\n\n\n\n<li class='active'><a>14564<\/a><\/li>\n\n\n\n<li><a href='?page_no=14565'>14565<\/a><\/li>\n\n\n\n<li><a href='?page_no=14566'>14566<\/a><\/li>\n\n\n\n<li><a>...<\/a><\/li>\n\n\n\n<li><a href='?page_no=36999'>36999<\/a><\/li>\n\n\n\n<li><a href='?page_no=37000'>37000<\/a><\/li>\n\n    \n\t\n\n<li >\n\t<a href='?page_no=14565'>Next<\/a>\n\t<\/li>\n\n\n    \n\n<li><a href='?page_no=37000'>Last &rsaquo;&rsaquo;<\/a><\/li>\n\n<\/ul>\n\n\n--><br \/>\n<\/body><\/p>\n","protected":false},"excerpt":{"rendered":"<p>Nueva York, EEUU,15 de septiembre.-Un conversatorio se realiz\u00f3 el pasado viernes con la comunidad Barahonera en el Consulado General Dominicano en esta ciudad, donde se habl\u00f3 de diferentes temas con el Ministro de Industria y Comercio, Jos\u00e9 Del Castillo Savi\u00f1\u00f3n, en el que participaron representantes de los municipios de la provincia Barahona. El encuentro se [&hellip;]<\/p>\n","protected":false},"author":3,"featured_media":0,"comment_status":"open","ping_status":"open","sticky":false,"template":"","format":"standard","meta":{"footnotes":""},"categories":[22],"tags":[],"class_list":["post-162127","post","type-post","status-publish","format-standard","hentry","category-politica"],"_links":{"self":[{"href":"https:\/\/diariodominicano.com\/index.php?rest_route=\/wp\/v2\/posts\/162127","targetHints":{"allow":["GET"]}}],"collection":[{"href":"https:\/\/diariodominicano.com\/index.php?rest_route=\/wp\/v2\/posts"}],"about":[{"href":"https:\/\/diariodominicano.com\/index.php?rest_route=\/wp\/v2\/types\/post"}],"author":[{"embeddable":true,"href":"https:\/\/diariodominicano.com\/index.php?rest_route=\/wp\/v2\/users\/3"}],"replies":[{"embeddable":true,"href":"https:\/\/diariodominicano.com\/index.php?rest_route=%2Fwp%2Fv2%2Fcomments&post=162127"}],"version-history":[{"count":0,"href":"https:\/\/diariodominicano.com\/index.php?rest_route=\/wp\/v2\/posts\/162127\/revisions"}],"wp:attachment":[{"href":"https:\/\/diariodominicano.com\/index.php?rest_route=%2Fwp%2Fv2%2Fmedia&parent=162127"}],"wp:term":[{"taxonomy":"category","embeddable":true,"href":"https:\/\/diariodominicano.com\/index.php?rest_route=%2Fwp%2Fv2%2Fcategories&post=162127"},{"taxonomy":"post_tag","embeddable":true,"href":"https:\/\/diariodominicano.com\/index.php?rest_route=%2Fwp%2Fv2%2Ftags&post=162127"}],"curies":[{"name":"wp","href":"https:\/\/api.w.org\/{rel}","templated":true}]}}