{"id":162124,"date":"2014-09-15T21:37:45","date_gmt":"2014-09-15T21:37:45","guid":{"rendered":"http:\/\/diariodominicano.ddns.net\/?p=162124"},"modified":"2014-09-15T21:37:45","modified_gmt":"2014-09-15T21:37:45","slug":"jimenez-nueva-convencion-del-pri-terminara-etapa-del-desorden","status":"publish","type":"post","link":"https:\/\/diariodominicano.com\/?p=162124","title":{"rendered":"Jim\u00e9nez: Nueva Convenci\u00f3n del PRI terminar\u00e1 etapa del desorden"},"content":{"rendered":"<p><body><\/p>\n<p><img decoding=\"async\" src=\"http:\/\/localhost:8080\/img3\/juliojimenez.jpg\" \/>  <\/p>\n<p><span class=\"text1noticias\">Santo Domingo RD, 15 de Septiembre.- El aspirante a la presidencia del PRI, Julio Jim\u00e9nez resalt\u00f3 que la realizaci\u00f3n de la XIII Convenci\u00f3n Nacional Ordinaria de la organizaci\u00f3n, terminar\u00e1 con la era del desorden y dar\u00e1 pas\u00f3 a una democr\u00e1tica  participativa que garantizar\u00e1 un relanzamiento del partido dirigido por los mejores dirigentes  de todo el pa\u00eds.<\/span><\/p>\n<p><span class=\"text1noticias\"> <\/span><\/p>\n<p><span class=\"text1noticias\">Julio Jim\u00e9nez comunic\u00f3,  que ya est\u00e1 en marcha el proceso de elecci\u00f3n de los delegados que representar\u00e1n las circunscripciones, municipios, provincias y las secretarias nacionales de todo el pa\u00eds con el objetivo de participar en la XIII Convenci\u00f3n Nacional del PRI que tendr\u00e1 la responsabilidad de elegir los 150 miembros del Comit\u00e9 Central Directivo, actualizar los estatutos, redefinir la l\u00ednea program\u00e1tica y filos\u00f3fica de partido.<\/span><\/p>\n<p><span class=\"text1noticias\"> <\/span><\/p>\n<p><span class=\"text1noticias\">Luego de la realizaci\u00f3n del Convenci\u00f3n Nacional, nos avocaremos a organizar la Asamblea del Comit\u00e9 Central Directivo para elegir las nuevas autoridades como manda la sentencia TSE 044-2014 del Tribunal Superior Electoral.<\/span><\/p>\n<p><span class=\"text1noticias\"> <\/span><\/p>\n<p><span class=\"text1noticias\">\u00abEsta Convenci\u00f3n del PRI ser\u00e1 el proceso m\u00e1s democr\u00e1tico y participativo en toda la historia del partido, organizaremos un evento ejemplar, entusiasta y vistoso que va a marcar un antes y despu\u00e9s en nuestra organizaci\u00f3n pol\u00edtica, ser\u00e1 una actividad sin precedente y de orgullo para la familia Jacobiana\u00bb.<\/span><\/p>\n<p><span class=\"text1noticias\"> <\/span><\/p>\n<p><span class=\"text1noticias\">El actual Secretario Nacional de Organizaci\u00f3n y aspirante a la presidencia del PRI, precis\u00f3 que el derecho a elegir los delegados para la convenci\u00f3n recae sobre la responsabilidad de esta secretaria y de todos los presidentes provinciales.<\/span><\/p>\n<p><span class=\"text1noticias\"> <\/span><\/p>\n<p><span class=\"text1noticias\">\u00abNo vamos a permitir usurpaci\u00f3n de funciones de t\u00edteres sin cabeza que quieren hacerse los graciosos y que lo \u00fanico que han hecho es da\u00f1o a esta organizaci\u00f3n pol\u00edtica por carecer de formaci\u00f3n pol\u00edtica, disciplina y no le duele el proyecto del licenciado Jacobo Majluta que es el PRI\u00bb.<\/span><\/p>\n<p><span class=\"text1noticias\"> <\/span><\/p>\n<p><span class=\"text1noticias\">Julio Jim\u00e9nez destac\u00f3 que el sector mayoritario del PRI que \u00e9l representa ha logrado anular siete veces las falsas convenciones realizadas irregularmente por el grupo min\u00fasculo de  pasado presidente del PRI y que esta es la 8va vez y la \u00faltima que el Tribunal Superior Electoral ordena a realizar la convenci\u00f3n del partido para renovar sus autoridades.(HG)<\/span>.<\/p>\n<h6> 2014-09-15 21:37:45 <\/h6>\n<p><!--\n<link rel=\"stylesheet\" href=\"css\/bootstrap.min.css\">\n\n\n<ul class=\"pagination\">\n\t    \n\t\n\n<li >\n\t<a href='?page_no=14560'>Previous<\/a>\n\t<\/li>\n\n\n       \n    \n\n<li><a href='?page_no=1'>1<\/a><\/li>\n\n\n\n<li><a href='?page_no=2'>2<\/a><\/li>\n\n\n\n<li><a>...<\/a><\/li>\n\n\n\n<li><a href='?page_no=14559'>14559<\/a><\/li>\n\n\n\n<li><a href='?page_no=14560'>14560<\/a><\/li>\n\n\n\n<li class='active'><a>14561<\/a><\/li>\n\n\n\n<li><a href='?page_no=14562'>14562<\/a><\/li>\n\n\n\n<li><a href='?page_no=14563'>14563<\/a><\/li>\n\n\n\n<li><a>...<\/a><\/li>\n\n\n\n<li><a href='?page_no=36999'>36999<\/a><\/li>\n\n\n\n<li><a href='?page_no=37000'>37000<\/a><\/li>\n\n    \n\t\n\n<li >\n\t<a href='?page_no=14562'>Next<\/a>\n\t<\/li>\n\n\n    \n\n<li><a href='?page_no=37000'>Last &rsaquo;&rsaquo;<\/a><\/li>\n\n<\/ul>\n\n\n--><br \/>\n<\/body><\/p>\n","protected":false},"excerpt":{"rendered":"<p>Santo Domingo RD, 15 de Septiembre.- El aspirante a la presidencia del PRI, Julio Jim\u00e9nez resalt\u00f3 que la realizaci\u00f3n de la XIII Convenci\u00f3n Nacional Ordinaria de la organizaci\u00f3n, terminar\u00e1 con la era del desorden y dar\u00e1 pas\u00f3 a una democr\u00e1tica participativa que garantizar\u00e1 un relanzamiento del partido dirigido por los mejores dirigentes de todo el [&hellip;]<\/p>\n","protected":false},"author":3,"featured_media":0,"comment_status":"open","ping_status":"open","sticky":false,"template":"","format":"standard","meta":{"footnotes":""},"categories":[22],"tags":[],"class_list":["post-162124","post","type-post","status-publish","format-standard","hentry","category-politica"],"_links":{"self":[{"href":"https:\/\/diariodominicano.com\/index.php?rest_route=\/wp\/v2\/posts\/162124","targetHints":{"allow":["GET"]}}],"collection":[{"href":"https:\/\/diariodominicano.com\/index.php?rest_route=\/wp\/v2\/posts"}],"about":[{"href":"https:\/\/diariodominicano.com\/index.php?rest_route=\/wp\/v2\/types\/post"}],"author":[{"embeddable":true,"href":"https:\/\/diariodominicano.com\/index.php?rest_route=\/wp\/v2\/users\/3"}],"replies":[{"embeddable":true,"href":"https:\/\/diariodominicano.com\/index.php?rest_route=%2Fwp%2Fv2%2Fcomments&post=162124"}],"version-history":[{"count":0,"href":"https:\/\/diariodominicano.com\/index.php?rest_route=\/wp\/v2\/posts\/162124\/revisions"}],"wp:attachment":[{"href":"https:\/\/diariodominicano.com\/index.php?rest_route=%2Fwp%2Fv2%2Fmedia&parent=162124"}],"wp:term":[{"taxonomy":"category","embeddable":true,"href":"https:\/\/diariodominicano.com\/index.php?rest_route=%2Fwp%2Fv2%2Fcategories&post=162124"},{"taxonomy":"post_tag","embeddable":true,"href":"https:\/\/diariodominicano.com\/index.php?rest_route=%2Fwp%2Fv2%2Ftags&post=162124"}],"curies":[{"name":"wp","href":"https:\/\/api.w.org\/{rel}","templated":true}]}}