{"id":162121,"date":"2014-09-16T19:00:41","date_gmt":"2014-09-16T19:00:41","guid":{"rendered":"http:\/\/diariodominicano.ddns.net\/?p=162121"},"modified":"2014-09-16T19:00:41","modified_gmt":"2014-09-16T19:00:41","slug":"udeceistas-piden-a-la-onu-sacar-de-republica-dominicana-a-gonzalo-vargas-llosa","status":"publish","type":"post","link":"https:\/\/diariodominicano.com\/?p=162121","title":{"rendered":"&#13;&#13;Udeceistas piden a la ONU sacar de Rep\u00fablica Dominicana a Gonzalo  Vargas Llosa."},"content":{"rendered":"<p><body><\/p>\n<p><img decoding=\"async\" src=\"img3\/luis gallo.jpg\" \/><br \/><img decoding=\"async\" src=\"img3\/elgallo.jpg\" \/>  <\/p>\n<\/p>\n<p><span class=\"text1noticias\">Santo Domingo, RD, 16 de septiembre.-Decenas de Militantes del Partido Uni\u00f3n Dem\u00f3crata Cristiana-UDC- encabezado por su Presidente, Luis Acosta Moreta ?Luis El Gallo-, se presentaron frente a la sede de la Organizaci\u00f3n de Las Naciones Unidas en Santo Domingo, donde entregaron un comunicado dirigido al Secretario General de la ?ONU-, Ban Ki Moon, donde le solicitan que saque  de Rep\u00fablica Dominicana a Gonzalo Vargas Llosa, jefe de misi\u00f3n del Alto Comisionado para los Refugiados de las Naciones Unidas, a quien acusan de llevar a cabo una l\u00ednea de golpeo a la soberan\u00eda nacional.<\/span><\/p>\n<\/p>\n<p><span class=\"text1noticias\">Portando pancartas y lanzando consignas en contra de Gonzalo Vargas Llosa y su presencia en el pa\u00eds, los ucedeistas llegaron hasta la avenida Anacaona, donde est\u00e1n las oficinas de la ?ONU-  en Santo Domingo.<\/span><\/p>\n<\/p>\n<p><span class=\"text1noticias\">En el comunicado, le\u00eddo por la presidenta del Tribunal Disciplinario de la ?UDC-, Mariela Rodr\u00edguez, se se\u00f1ala que esa organizaci\u00f3n pol\u00edtica tiene respeto por el trabajo que desarrolla la ?ONU- frente a la violencia en el mundo, pero advierte que Gonzalo Vargas Llosa se pasa el tiempo haciendo denuncias sin fundamentos sobre un alegado maltrato contra los haitianos que viven en Rep\u00fablica Dominicana.<\/span><\/p>\n<\/p>\n<p><span class=\"text1noticias\">Al depositar el documento, Luis Acosta Moreta, Luis \u00abEl Gallo\u00bb, presidente de la UDC, dijo que la misi\u00f3n de ese organismo especializado de las Naciones Unidas es ayudar a los refugiados desde el punto de vista humano, pero la l\u00ednea fijada por su representante en Santo Domingo es difamar al pueblo dominicano con falsas acusaciones en foros internacionales.<\/span><\/p>\n<\/p>\n<p><span class=\"text1noticias\">La ACNUR que trabaja en el mundo entero, sabe la responsabilidad que tiene uno de sus representantes, y que como organismo mediador, conciliador, no es de tener a un funcionario que peca de irresponsable, violador de la verdad y del derecho internacional.<\/span><\/p>\n<\/p>\n<p><span class=\"text1noticias\">\u00abRep\u00fablica Dominicana es solidaria con Hait\u00ed; sus mujeres paren en nuestras maternidades; los hombres vienen a trabajar; los j\u00f3venes acuden a las universidades, pero nosotros, pa\u00eds en desarrollo, no podemos echarnos sobre nuestras espaldas los problemas haitianos, y no podemos permitir una masiva migraci\u00f3n ilegal que pone en peligro nuestra integridad territorial\u00bb, expresa el documento. <\/span><\/p>\n<\/p>\n<p><span class=\"text1noticias\">Agrega Acosta Moreta que desde hace meses Vargas Llosa viene conspirando contra la soberan\u00eda nacional, dando paso a denuncias infundadas de discriminaci\u00f3n contra los migrantes haitianos ilegales.<\/span><\/p>\n<\/p>\n<p><span class=\"text1noticias\">Sostuvo que ese se\u00f1or nunca ha tenido la menor frase de reconocimiento para Rep\u00fablica Dominicana en su misi\u00f3n humana para asistir a los haitianos luego del terremoto que devast\u00f3 Hait\u00ed en enero del 2010. <\/span><\/p>\n<\/p>\n<p><span class=\"text1noticias\">Enfatiz\u00f3 que la UDC tiene moral para llamar la atenci\u00f3n a Vargas Llosa y a la ACNUR porque cuando este estaba en Europa, los hombres de la UDC fueron a Hait\u00ed con la primera ayuda humanitaria que sali\u00f3 desde Rep\u00fablica Dominicana, gracias a donaciones que recibimos de nuestros aliados internacionales.<\/span><\/p>\n<\/p>\n<p><span class=\"text1noticias\">\u00abLa soberan\u00eda dominicana ni se vende ni se alquila, y no vamos a permitir  que se agreda, sin importar nombre ni abolengo familiar. Gonzalo Vargas Llosa  no merece gozar de nuestra hospitalidad y debe abandonar nuestro pa\u00eds\u00bb. Expres\u00f3 Luis El Gallo. <\/span><\/p>\n<h6> 2014-09-16 19:00:41 <\/h6>\n<p><!--\n<link rel=\"stylesheet\" href=\"css\/bootstrap.min.css\">\n\n\n<ul class=\"pagination\">\n\t    \n\t\n\n<li >\n\t<a href='?page_no=14558'>Previous<\/a>\n\t<\/li>\n\n\n       \n    \n\n<li><a href='?page_no=1'>1<\/a><\/li>\n\n\n\n<li><a href='?page_no=2'>2<\/a><\/li>\n\n\n\n<li><a>...<\/a><\/li>\n\n\n\n<li><a href='?page_no=14557'>14557<\/a><\/li>\n\n\n\n<li><a href='?page_no=14558'>14558<\/a><\/li>\n\n\n\n<li class='active'><a>14559<\/a><\/li>\n\n\n\n<li><a href='?page_no=14560'>14560<\/a><\/li>\n\n\n\n<li><a href='?page_no=14561'>14561<\/a><\/li>\n\n\n\n<li><a>...<\/a><\/li>\n\n\n\n<li><a href='?page_no=36999'>36999<\/a><\/li>\n\n\n\n<li><a href='?page_no=37000'>37000<\/a><\/li>\n\n    \n\t\n\n<li >\n\t<a href='?page_no=14560'>Next<\/a>\n\t<\/li>\n\n\n    \n\n<li><a href='?page_no=37000'>Last &rsaquo;&rsaquo;<\/a><\/li>\n\n<\/ul>\n\n\n--><br \/>\n<\/body><\/p>\n","protected":false},"excerpt":{"rendered":"<p>Santo Domingo, RD, 16 de septiembre.-Decenas de Militantes del Partido Uni\u00f3n Dem\u00f3crata Cristiana-UDC- encabezado por su Presidente, Luis Acosta Moreta ?Luis El Gallo-, se presentaron frente a la sede de la Organizaci\u00f3n de Las Naciones Unidas en Santo Domingo, donde entregaron un comunicado dirigido al Secretario General de la ?ONU-, Ban Ki Moon, donde le [&hellip;]<\/p>\n","protected":false},"author":3,"featured_media":0,"comment_status":"open","ping_status":"open","sticky":false,"template":"","format":"standard","meta":{"footnotes":""},"categories":[22],"tags":[],"class_list":["post-162121","post","type-post","status-publish","format-standard","hentry","category-politica"],"_links":{"self":[{"href":"https:\/\/diariodominicano.com\/index.php?rest_route=\/wp\/v2\/posts\/162121","targetHints":{"allow":["GET"]}}],"collection":[{"href":"https:\/\/diariodominicano.com\/index.php?rest_route=\/wp\/v2\/posts"}],"about":[{"href":"https:\/\/diariodominicano.com\/index.php?rest_route=\/wp\/v2\/types\/post"}],"author":[{"embeddable":true,"href":"https:\/\/diariodominicano.com\/index.php?rest_route=\/wp\/v2\/users\/3"}],"replies":[{"embeddable":true,"href":"https:\/\/diariodominicano.com\/index.php?rest_route=%2Fwp%2Fv2%2Fcomments&post=162121"}],"version-history":[{"count":0,"href":"https:\/\/diariodominicano.com\/index.php?rest_route=\/wp\/v2\/posts\/162121\/revisions"}],"wp:attachment":[{"href":"https:\/\/diariodominicano.com\/index.php?rest_route=%2Fwp%2Fv2%2Fmedia&parent=162121"}],"wp:term":[{"taxonomy":"category","embeddable":true,"href":"https:\/\/diariodominicano.com\/index.php?rest_route=%2Fwp%2Fv2%2Fcategories&post=162121"},{"taxonomy":"post_tag","embeddable":true,"href":"https:\/\/diariodominicano.com\/index.php?rest_route=%2Fwp%2Fv2%2Ftags&post=162121"}],"curies":[{"name":"wp","href":"https:\/\/api.w.org\/{rel}","templated":true}]}}