{"id":162120,"date":"2014-09-16T19:41:15","date_gmt":"2014-09-16T19:41:15","guid":{"rendered":"http:\/\/diariodominicano.ddns.net\/?p=162120"},"modified":"2014-09-16T19:41:15","modified_gmt":"2014-09-16T19:41:15","slug":"prsc-se-reune-con-directivos-confederacion-patronal-para-analizar-la-problematica-desempleo-en-el-pais","status":"publish","type":"post","link":"https:\/\/diariodominicano.com\/?p=162120","title":{"rendered":"&#13;&#13;&#13;&#13;PRSC se re\u00fane con directivos Confederaci\u00f3n Patronal para analizar la problem\u00e1tica desempleo en el pa\u00eds"},"content":{"rendered":"<p><body><\/p>\n<p><img decoding=\"async\" src=\"img3\/antun2.jpg\" \/>  <\/p>\n<\/p>\n<p><span class=\"text1noticias\"> <\/span><\/p>\n<p><span class=\"text1noticias\">Santo Domingo, RD, 16 de septiembre.- El presidente del Partido Reformista Social Cristiano (PRSC), ingeniero Federico Ant\u00fan Batlle (Quique), se reuni\u00f3 con los principales directivos de la Confederaci\u00f3n Patronal de la Rep\u00fablica Dominicana (COPARDOM), en el marco del programa de consultas que realiza con representativos de las fuerzas vivas de la naci\u00f3n.<\/span><\/p>\n<\/p>\n<p><span class=\"text1noticias\">En el encuentro, celebrado en la sede del PRSC, se analiz\u00f3 la situaci\u00f3n imperante relativa a mejorar la oferta de puestos de trabajo a la poblaci\u00f3n por parte del empresariado, especialmente en el segmento de la juventud.<\/span><\/p>\n<\/p>\n<p><span class=\"text1noticias\">En este sentido se pas\u00f3 revista a la incidencia del  C\u00f3digo de Trabajo y la ley de Seguridad Social, as\u00ed como del Sistema Tributario, en lo que tiene que ver con la creaci\u00f3n de puestos de trabajo y la mejor\u00eda en la calidad de las fuentes creadas.<\/span><\/p>\n<\/p>\n<p><span class=\"text1noticias\">Asimismo, se destac\u00f3 al efecto la baja cobertura de beneficiados por el C\u00f3digo Laboral, el bajo nivel de sindicalizaci\u00f3n y la precaria calidad de los puestos de trabajo creados bajo la informalidad econ\u00f3mica provocada por la legislaci\u00f3n fiscal, laboral y de seguridad social vigente.<\/span><\/p>\n<\/p>\n<p><span class=\"text1noticias\">En la reuni\u00f3n participaron, por el COPARDOM, su presidente, ingeniero Jaime Gonz\u00e1lez; el director ejecutivo, Pedro R. Rodr\u00edguez y el asesor Legal, Carlos Hern\u00e1ndez.<\/span><\/p>\n<\/p>\n<p><span class=\"text1noticias\">En tanto que por el PRSC acompa\u00f1aron al ingeniero Quique Ant\u00fan, el economista Guillermo Caram, vicepresidente de la organizaci\u00f3n y coordinador del Gabinete T\u00e9cnico, as\u00ed como el licenciado Roberto Mart\u00ednez Villanueva y la ingeniera Mar\u00eda ?Susy- Gat\u00f3n, secretarios de Planificaci\u00f3n y Viviendas de la entidad pol\u00edtica, respectivamente, adem\u00e1s del asesor legal del Gabinete, doctor Manuel Olivero. <\/span><\/p>\n<\/p>\n<p><span class=\"text1noticias\">Tambi\u00e9n el director Ejecutivo y vicepresidente regional del PRSC, Sergio Cede\u00f1o, y Sergia Elena de S\u00e9liman, miembro del Directorio Presidencial (DP).<\/span><\/p>\n<p><span class=\"text1noticias\"> <\/span><\/p>\n<p><span class=\"text1noticias\">Al t\u00e9rmino del encuentro, se explic\u00f3 que el mismo fue muy provechoso y que el Gabinete T\u00e9cnico del PRSC tom\u00f3 nota de los planteamientos de COPARDOM relativas al efecto de los procedimientos judiciales, rigidez de horarios y exceso de cargas en el emprendimiento de iniciativas generadores de puestos de trabajo y mejor\u00eda de la calidad de los empleos creados.<\/span><\/p>\n<\/p>\n<p><span class=\"text1noticias\">Igualmente, sobre la consideraci\u00f3n de que es imprescindible el cumplir las disposiciones legales y acuerdos arribados relativos al replanteamiento del r\u00e9gimen de cesant\u00eda.   <\/span><\/p>\n<\/p>\n<p><span class=\"text1noticias\">Se recuerda que PRSC he efectuado reuniones similares con representantes de las fuerzas activas relacionadas con empresas mineras y el\u00e9ctricas.<\/span><\/p>\n<\/p>\n<h6> 2014-09-16 19:41:15 <\/h6>\n<p><!--\n<link rel=\"stylesheet\" href=\"css\/bootstrap.min.css\">\n\n\n<ul class=\"pagination\">\n\t    \n\t\n\n<li >\n\t<a href='?page_no=14557'>Previous<\/a>\n\t<\/li>\n\n\n       \n    \n\n<li><a href='?page_no=1'>1<\/a><\/li>\n\n\n\n<li><a href='?page_no=2'>2<\/a><\/li>\n\n\n\n<li><a>...<\/a><\/li>\n\n\n\n<li><a href='?page_no=14556'>14556<\/a><\/li>\n\n\n\n<li><a href='?page_no=14557'>14557<\/a><\/li>\n\n\n\n<li class='active'><a>14558<\/a><\/li>\n\n\n\n<li><a href='?page_no=14559'>14559<\/a><\/li>\n\n\n\n<li><a href='?page_no=14560'>14560<\/a><\/li>\n\n\n\n<li><a>...<\/a><\/li>\n\n\n\n<li><a href='?page_no=36999'>36999<\/a><\/li>\n\n\n\n<li><a href='?page_no=37000'>37000<\/a><\/li>\n\n    \n\t\n\n<li >\n\t<a href='?page_no=14559'>Next<\/a>\n\t<\/li>\n\n\n    \n\n<li><a href='?page_no=37000'>Last &rsaquo;&rsaquo;<\/a><\/li>\n\n<\/ul>\n\n\n--><br \/>\n<\/body><\/p>\n","protected":false},"excerpt":{"rendered":"<p>Santo Domingo, RD, 16 de septiembre.- El presidente del Partido Reformista Social Cristiano (PRSC), ingeniero Federico Ant\u00fan Batlle (Quique), se reuni\u00f3 con los principales directivos de la Confederaci\u00f3n Patronal de la Rep\u00fablica Dominicana (COPARDOM), en el marco del programa de consultas que realiza con representativos de las fuerzas vivas de la naci\u00f3n. En el encuentro, [&hellip;]<\/p>\n","protected":false},"author":3,"featured_media":0,"comment_status":"open","ping_status":"open","sticky":false,"template":"","format":"standard","meta":{"footnotes":""},"categories":[22],"tags":[],"class_list":["post-162120","post","type-post","status-publish","format-standard","hentry","category-politica"],"_links":{"self":[{"href":"https:\/\/diariodominicano.com\/index.php?rest_route=\/wp\/v2\/posts\/162120","targetHints":{"allow":["GET"]}}],"collection":[{"href":"https:\/\/diariodominicano.com\/index.php?rest_route=\/wp\/v2\/posts"}],"about":[{"href":"https:\/\/diariodominicano.com\/index.php?rest_route=\/wp\/v2\/types\/post"}],"author":[{"embeddable":true,"href":"https:\/\/diariodominicano.com\/index.php?rest_route=\/wp\/v2\/users\/3"}],"replies":[{"embeddable":true,"href":"https:\/\/diariodominicano.com\/index.php?rest_route=%2Fwp%2Fv2%2Fcomments&post=162120"}],"version-history":[{"count":0,"href":"https:\/\/diariodominicano.com\/index.php?rest_route=\/wp\/v2\/posts\/162120\/revisions"}],"wp:attachment":[{"href":"https:\/\/diariodominicano.com\/index.php?rest_route=%2Fwp%2Fv2%2Fmedia&parent=162120"}],"wp:term":[{"taxonomy":"category","embeddable":true,"href":"https:\/\/diariodominicano.com\/index.php?rest_route=%2Fwp%2Fv2%2Fcategories&post=162120"},{"taxonomy":"post_tag","embeddable":true,"href":"https:\/\/diariodominicano.com\/index.php?rest_route=%2Fwp%2Fv2%2Ftags&post=162120"}],"curies":[{"name":"wp","href":"https:\/\/api.w.org\/{rel}","templated":true}]}}