{"id":162118,"date":"2014-09-16T20:46:10","date_gmt":"2014-09-16T20:46:10","guid":{"rendered":"http:\/\/diariodominicano.ddns.net\/?p=162118"},"modified":"2014-09-16T20:46:10","modified_gmt":"2014-09-16T20:46:10","slug":"fello-subervi-descarta-problemas-entre-hipolito-mejia-y-luis-abinader","status":"publish","type":"post","link":"https:\/\/diariodominicano.com\/?p=162118","title":{"rendered":"Fello Subervi descarta problemas entre Hip\u00f3lito Mej\u00eda y Luis Abinader"},"content":{"rendered":"<p><body><\/p>\n<p><span class=\"text1noticias\">Santo Domingo, RD, 16 de septiembre.-El doctor Rafael Suberv\u00ed Bonill\u00e1 descart\u00f3 que la candidatura presidencial acarre problemas al interior del Partido Revolucionario Moderno, PRM. <\/span><\/p>\n<\/p>\n<p><span class=\"text1noticias\">El precandidato a la Alcald\u00eda del Distrito Nacional afirm\u00f3 que entre Luis Abinader e Hip\u00f3lito Mej\u00eda no habr\u00e1 situaciones que lamentar, debido a que el  s\u00f3lo hacho de que Luis cediera su partido, refiri\u00e9ndose a la ASD, para dar paso al PRM y que el ex presidente Mej\u00eda confiese que debe ser prudente y  solo fomentar el fortalecimiento del PRM, son dos actitudes que evidencian la decisi\u00f3n de ambos l\u00edderes de evitar conflictos, enfatiz\u00f3 el veterano dirigente pol\u00edtico.<\/span><\/p>\n<\/p>\n<p><span class=\"text1noticias\">El tambi\u00e9n exministro de Turismo expres\u00f3 que para sus aspiraciones cuenta con el apoyo del  presidente Hip\u00f3lito Mej\u00eda, a quien calific\u00f3 de l\u00edder carism\u00e1tico.  <\/span><\/p>\n<\/p>\n<p><span class=\"text1noticias\">No he hablado con Luis Abinader al respecto, sin embargo muchos de sus dirigentes me respaldan,  precis\u00f3 Fello Suberv\u00ed.<\/span><\/p>\n<\/p>\n<p><span class=\"text1noticias\">Consultado  sobre su relaci\u00f3n con el presidente del PRD, lo defini\u00f3 como su amigo, indicando a seguidas que Vargas Maldonado cometi\u00f3 varios errores que lo han llevado disminuirse pol\u00edticamente, concluy\u00f3 afirmando el experimentado dirigente pol\u00edtico.<\/span><\/p>\n<\/p>\n<p><span class=\"text1noticias\">El doctor Rafael Suberv\u00ed Bonilla fue entrevistado en el programa Hoy Mismo que se transmite por Color Visi\u00f3n. Se present\u00f3 acompa\u00f1ado de decenas de dirigentes del PRM que se enteraron de su participaci\u00f3n en el espacio televisivo.<\/span><\/p>\n<p><span class=\"text1noticias\"><strong>Sobre su candidatura como Alcalde DN<\/strong><\/span><\/p>\n<\/p>\n<p><span class=\"text1noticias\">El doctor Rafael Suberv\u00ed Bonilla expres\u00f3 su disposici\u00f3n de luchar para lograr ser electo como Alcalde del Distrito Nacional en las elecciones del 2016 por el Partido Revolucionario Moderno, PRM.<\/span><\/p>\n<\/p>\n<p><span class=\"text1noticias\">Afirm\u00f3 Suberv\u00ed Bonilla que retornar\u00e1 como Alcalde del Distrito Nacional para realizar la obra que los mun\u00edcipes requieren, expres\u00f3 que en la campa\u00f1a ofertar\u00e1 su conducta como servidor p\u00fablico en las funciones que ha desempe\u00f1ado como ciudadano.<\/span><\/p>\n<\/p>\n<p><span class=\"text1noticias\">El importante dirigente del PRM manifest\u00f3 que tambi\u00e9n puede ofertar  el amor y entusiasmo como le sirvi\u00f3 a su ciudad. <\/span><\/p>\n<\/p>\n<p><span class=\"text1noticias\">Adujo que ante el deterioro moral que acusa la sociedad en sentido general, en toda su campa\u00f1a insistir\u00e1 en su conducta \u00e9tica debido a que como administrador p\u00fablico, todas las auditorias que fueron realizadas a su gesti\u00f3n por la Contralor\u00eda General de la Rep\u00fablica y la C\u00e1mara de Cuentas mostraron su idoneidad, probidad y honestidad en el manejo de los fondos p\u00fablicos.<\/span><\/p>\n<\/p>\n<p><span class=\"text1noticias\">El precandidato a la Alcald\u00eda del Distrito Nacional por el PRM recalc\u00f3 el hecho de que estos organismos, pese a estar dirigidos por gobiernos adversos, calificaron su gesti\u00f3n de pulcra.<\/span><\/p>\n<\/p>\n<p><span class=\"text1noticias\">El dirigente pol\u00edtico opositor observ\u00f3 que har\u00e1 una campa\u00f1a propositiva y explicar\u00e1 a los j\u00f3venes que las canchas y los estadios de beisbol, donde est\u00e1n jugando en la actualidad fueron construidos o iluminados en su gesti\u00f3n.<\/span><\/p>\n<\/p>\n<p><span class=\"text1noticias\">El doctor Suberv\u00ed Bonilla explicar\u00e1 a los j\u00f3venes, en su campa\u00f1a, como sin el apoyo de los gobiernos, pudo hacer una obra trascendente en toda la capital.<\/span><\/p>\n<\/p>\n<p><span class=\"text1noticias\">Record\u00f3 que luego de su salida como Sindico del Distrito Nacional, lleg\u00f3 a ser reconocido  por los tres partidos pol\u00edticos con representaci\u00f3n en la sala capitular.<\/span><\/p>\n<\/p>\n<p><span class=\"text1noticias\">Expres\u00f3  que cuenta con el apoyo del presidente Hip\u00f3lito Mej\u00eda a quien calific\u00f3 de l\u00edder carism\u00e1tico.  <\/span><\/p>\n<\/p>\n<p><span class=\"text1noticias\">Manifest\u00f3 que no ha hablado con Luis Abinader sobre sus aspiraciones pero aclar\u00f3 que muchos de sus dirigentes trabajan para este proyecto.<\/span><\/p>\n<\/p>\n<p><span class=\"text1noticias\">\u00abSer\u00e9  el  pr\u00f3ximo alcalde del Distrito Nacional, que no quede la mayor duda de eso\u00bb, asegur\u00f3 de manera enf\u00e1tica el tres veces s\u00edndico de la vieja y extensa ciudad de Santo Domingo.<\/span><\/p>\n<\/p>\n<p><span class=\"text1noticias\"> \u00abCon mi pr\u00f3xima gesti\u00f3n en la alcald\u00eda del Distrito Nacional cerrar\u00e9 con broche de oro por mi naci\u00f3n y mi pa\u00eds, proclam\u00f3 el doctor Suberv\u00ed.(HG)<\/span>.<\/p>\n<\/p>\n<\/p>\n<\/p>\n<h6> 2014-09-16 20:46:10 <\/h6>\n<p><!--\n<link rel=\"stylesheet\" href=\"css\/bootstrap.min.css\">\n\n\n<ul class=\"pagination\">\n\t    \n\t\n\n<li >\n\t<a href='?page_no=14555'>Previous<\/a>\n\t<\/li>\n\n\n       \n    \n\n<li><a href='?page_no=1'>1<\/a><\/li>\n\n\n\n<li><a href='?page_no=2'>2<\/a><\/li>\n\n\n\n<li><a>...<\/a><\/li>\n\n\n\n<li><a href='?page_no=14554'>14554<\/a><\/li>\n\n\n\n<li><a href='?page_no=14555'>14555<\/a><\/li>\n\n\n\n<li class='active'><a>14556<\/a><\/li>\n\n\n\n<li><a href='?page_no=14557'>14557<\/a><\/li>\n\n\n\n<li><a href='?page_no=14558'>14558<\/a><\/li>\n\n\n\n<li><a>...<\/a><\/li>\n\n\n\n<li><a href='?page_no=36999'>36999<\/a><\/li>\n\n\n\n<li><a href='?page_no=37000'>37000<\/a><\/li>\n\n    \n\t\n\n<li >\n\t<a href='?page_no=14557'>Next<\/a>\n\t<\/li>\n\n\n    \n\n<li><a href='?page_no=37000'>Last &rsaquo;&rsaquo;<\/a><\/li>\n\n<\/ul>\n\n\n--><br \/>\n<\/body><\/p>\n","protected":false},"excerpt":{"rendered":"<p>Santo Domingo, RD, 16 de septiembre.-El doctor Rafael Suberv\u00ed Bonill\u00e1 descart\u00f3 que la candidatura presidencial acarre problemas al interior del Partido Revolucionario Moderno, PRM. El precandidato a la Alcald\u00eda del Distrito Nacional afirm\u00f3 que entre Luis Abinader e Hip\u00f3lito Mej\u00eda no habr\u00e1 situaciones que lamentar, debido a que el s\u00f3lo hacho de que Luis cediera [&hellip;]<\/p>\n","protected":false},"author":3,"featured_media":0,"comment_status":"open","ping_status":"open","sticky":false,"template":"","format":"standard","meta":{"footnotes":""},"categories":[22],"tags":[],"class_list":["post-162118","post","type-post","status-publish","format-standard","hentry","category-politica"],"_links":{"self":[{"href":"https:\/\/diariodominicano.com\/index.php?rest_route=\/wp\/v2\/posts\/162118","targetHints":{"allow":["GET"]}}],"collection":[{"href":"https:\/\/diariodominicano.com\/index.php?rest_route=\/wp\/v2\/posts"}],"about":[{"href":"https:\/\/diariodominicano.com\/index.php?rest_route=\/wp\/v2\/types\/post"}],"author":[{"embeddable":true,"href":"https:\/\/diariodominicano.com\/index.php?rest_route=\/wp\/v2\/users\/3"}],"replies":[{"embeddable":true,"href":"https:\/\/diariodominicano.com\/index.php?rest_route=%2Fwp%2Fv2%2Fcomments&post=162118"}],"version-history":[{"count":0,"href":"https:\/\/diariodominicano.com\/index.php?rest_route=\/wp\/v2\/posts\/162118\/revisions"}],"wp:attachment":[{"href":"https:\/\/diariodominicano.com\/index.php?rest_route=%2Fwp%2Fv2%2Fmedia&parent=162118"}],"wp:term":[{"taxonomy":"category","embeddable":true,"href":"https:\/\/diariodominicano.com\/index.php?rest_route=%2Fwp%2Fv2%2Fcategories&post=162118"},{"taxonomy":"post_tag","embeddable":true,"href":"https:\/\/diariodominicano.com\/index.php?rest_route=%2Fwp%2Fv2%2Ftags&post=162118"}],"curies":[{"name":"wp","href":"https:\/\/api.w.org\/{rel}","templated":true}]}}