{"id":162117,"date":"2014-09-16T21:09:30","date_gmt":"2014-09-16T21:09:30","guid":{"rendered":"http:\/\/diariodominicano.ddns.net\/?p=162117"},"modified":"2014-09-16T21:09:30","modified_gmt":"2014-09-16T21:09:30","slug":"la-jce-propone-alianza-a-la-cancilleria-para-dotar-de-cedulas-a-los-dominicanos-que-residen-en-el-exterior","status":"publish","type":"post","link":"https:\/\/diariodominicano.com\/?p=162117","title":{"rendered":"La JCE propone alianza a la Canciller\u00eda para dotar de c\u00e9dulas a los dominicanos que residen en el Exterior"},"content":{"rendered":"<p><body><\/p>\n<p><img decoding=\"async\" src=\"img3\/graciano.jpg\" \/>  <\/p>\n<p><span class=\"text1noticias\">Madrid, Espa\u00f1a, 16 de Septiembre.-La Magistrada Rosario Graciano de los Santos, miembro titular del Pleno de la Junta Central Electoral y coordinadora de la Comisi\u00f3n para el Voto en el Exterior, llam\u00f3 al Ministerio de Relaciones Exteriores de Rep\u00fablica Dominicana a formalizar una gran alianza que garantice el \u00e9xito del proceso de cedulaci\u00f3n de los dominicanos que residen en playas extranjeras. <\/span><\/p>\n<p><span class=\"text1noticias\"> <\/span><\/p>\n<p><span class=\"text1noticias\">Explic\u00f3 que este gran compromiso, adem\u00e1s de la sede central de la Canciller\u00eda debe extenderse a sus \u00f3rganos de representaci\u00f3n externos, es decir, las misiones diplom\u00e1ticas y consulares, quienes deber\u00e1n tener una estrecha colaboraci\u00f3n, con nuestra instituci\u00f3n, dado el hecho de que no representamos un ente reconocido por las normativas del derecho internacional, ni de las relaciones internacionales.<\/span><\/p>\n<p><span class=\"text1noticias\"> <\/span><\/p>\n<p><span class=\"text1noticias\">\u00abEstamos apelando, para el buen \u00e9xito de este nuevo reto al que nos enfrentamos, el cambio de este importante documento, la cedula de identidad y electoral, a la m\u00e1s amplia y desinteresada coordinaci\u00f3n y colaboraci\u00f3n\u00bb, enfatiz\u00f3 Graciano de los Santos.<\/span><\/p>\n<p><span class=\"text1noticias\"> <\/span><\/p>\n<p><span class=\"text1noticias\">Las palabras de la magistradas fueron pronunciadas al dejar formalmente abiertos los trabajos de cedulaci\u00f3n en la ciudad de Madrid, Espa\u00f1a, en un acto que cont\u00f3 con la presencia de los magistrados, Jose \u00c1ngel Aquino, C\u00e9sar Francisco F\u00e9liz F\u00e9liz; del embajador dominicano en Espa\u00f1a, C\u00e9sar Medina; el c\u00f3nsul Juan Cuevas F\u00e9liz; Luciana Diaz, Encargada de la OPREE en Madrid, representantes de los partidos pol\u00edticos y delegados de grupos sociales.<\/span><\/p>\n<\/p>\n<p><span class=\"text1noticias\">Gracianos de los Santos asegur\u00f3 que esta colaboraci\u00f3n redundar\u00e1 en bienestar de todos los dominicanos que viven en el exterior pues la Junta Central Electoral espera dotar de su c\u00e9dula a todas aquellas personas radicadas en fuera del pa\u00eds y a la vez, iniciar la jornada de empadronamiento para todos y todas, quienes deseen ejercer el sufragio en las elecciones del 15 de mayo del 2016.  <\/span><\/p>\n<p><span class=\"text1noticias\"> <\/span><\/p>\n<p><span class=\"text1noticias\">Record\u00f3 que la c\u00e9dula de identidad y electoral es el \u00fanico documento con el cual se puede votar y es por ello que la Junta Central Electoral realiza un esfuerzo extraordinario para facilitar la adquisici\u00f3n de este importante instrumento legal; por otra parte, con el empadronamiento se logra la elaboraci\u00f3n de la lista de electores en el exterior o padr\u00f3n de votantes, el cual incluir\u00e1 a todos aquellos que se inscriban con tales fines, despu\u00e9s de haber obtenido su c\u00e9dula.<\/span><\/p>\n<p><span class=\"text1noticias\"> <\/span><\/p>\n<p><span class=\"text1noticias\">En las pasadas elecciones del nivel presidencial, en las cuales se escogieron adem\u00e1s siete representantes de la comunidad dominicana radicada en el exterior y de manera espec\u00edfica 2 representantes para Europa, se inscribieron 45,986 en Madrid, que completaron la cifra de 63,190 inscritos en Espa\u00f1a y 79,884 registrados en la circunscripci\u00f3n No.3 del exterior que incluye toda Europa.<\/span><\/p>\n<p><span class=\"text1noticias\"> <\/span><\/p>\n<p><span class=\"text1noticias\">Al d\u00eda 16 de septiembre unos 6,301 ciudadanos y ciudadanas han obtenido ya su nuevo documento en el consulado de Madrid y en el centro de cedulaci\u00f3n instalado en el sector \u00abCuatro  Caminos\u00bb. <\/span><\/p>\n<\/p>\n<p><span class=\"text1noticias\">Concomitantemente, se ha dado apertura al proceso en las ciudades de Barcelona, Milano, Italia  y Zurich, garantizando el servicio a todos los ciudadanos.(HG)<\/span>.<\/p>\n<h6> 2014-09-16 21:09:30 <\/h6>\n<p><!--\n<link rel=\"stylesheet\" href=\"css\/bootstrap.min.css\">\n\n\n<ul class=\"pagination\">\n\t    \n\t\n\n<li >\n\t<a href='?page_no=14554'>Previous<\/a>\n\t<\/li>\n\n\n       \n    \n\n<li><a href='?page_no=1'>1<\/a><\/li>\n\n\n\n<li><a href='?page_no=2'>2<\/a><\/li>\n\n\n\n<li><a>...<\/a><\/li>\n\n\n\n<li><a href='?page_no=14553'>14553<\/a><\/li>\n\n\n\n<li><a href='?page_no=14554'>14554<\/a><\/li>\n\n\n\n<li class='active'><a>14555<\/a><\/li>\n\n\n\n<li><a href='?page_no=14556'>14556<\/a><\/li>\n\n\n\n<li><a href='?page_no=14557'>14557<\/a><\/li>\n\n\n\n<li><a>...<\/a><\/li>\n\n\n\n<li><a href='?page_no=36999'>36999<\/a><\/li>\n\n\n\n<li><a href='?page_no=37000'>37000<\/a><\/li>\n\n    \n\t\n\n<li >\n\t<a href='?page_no=14556'>Next<\/a>\n\t<\/li>\n\n\n    \n\n<li><a href='?page_no=37000'>Last &rsaquo;&rsaquo;<\/a><\/li>\n\n<\/ul>\n\n\n--><br \/>\n<\/body><\/p>\n","protected":false},"excerpt":{"rendered":"<p>Madrid, Espa\u00f1a, 16 de Septiembre.-La Magistrada Rosario Graciano de los Santos, miembro titular del Pleno de la Junta Central Electoral y coordinadora de la Comisi\u00f3n para el Voto en el Exterior, llam\u00f3 al Ministerio de Relaciones Exteriores de Rep\u00fablica Dominicana a formalizar una gran alianza que garantice el \u00e9xito del proceso de cedulaci\u00f3n de los [&hellip;]<\/p>\n","protected":false},"author":3,"featured_media":0,"comment_status":"open","ping_status":"open","sticky":false,"template":"","format":"standard","meta":{"footnotes":""},"categories":[22],"tags":[],"class_list":["post-162117","post","type-post","status-publish","format-standard","hentry","category-politica"],"_links":{"self":[{"href":"https:\/\/diariodominicano.com\/index.php?rest_route=\/wp\/v2\/posts\/162117","targetHints":{"allow":["GET"]}}],"collection":[{"href":"https:\/\/diariodominicano.com\/index.php?rest_route=\/wp\/v2\/posts"}],"about":[{"href":"https:\/\/diariodominicano.com\/index.php?rest_route=\/wp\/v2\/types\/post"}],"author":[{"embeddable":true,"href":"https:\/\/diariodominicano.com\/index.php?rest_route=\/wp\/v2\/users\/3"}],"replies":[{"embeddable":true,"href":"https:\/\/diariodominicano.com\/index.php?rest_route=%2Fwp%2Fv2%2Fcomments&post=162117"}],"version-history":[{"count":0,"href":"https:\/\/diariodominicano.com\/index.php?rest_route=\/wp\/v2\/posts\/162117\/revisions"}],"wp:attachment":[{"href":"https:\/\/diariodominicano.com\/index.php?rest_route=%2Fwp%2Fv2%2Fmedia&parent=162117"}],"wp:term":[{"taxonomy":"category","embeddable":true,"href":"https:\/\/diariodominicano.com\/index.php?rest_route=%2Fwp%2Fv2%2Fcategories&post=162117"},{"taxonomy":"post_tag","embeddable":true,"href":"https:\/\/diariodominicano.com\/index.php?rest_route=%2Fwp%2Fv2%2Ftags&post=162117"}],"curies":[{"name":"wp","href":"https:\/\/api.w.org\/{rel}","templated":true}]}}