{"id":162115,"date":"2014-09-17T17:48:04","date_gmt":"2014-09-17T17:48:04","guid":{"rendered":"http:\/\/diariodominicano.ddns.net\/?p=162115"},"modified":"2014-09-17T17:48:04","modified_gmt":"2014-09-17T17:48:04","slug":"jce-anuncia-apertura-de-nuevas-oficinas-en-ny-para-expedicion-de-la-nueva-cedula","status":"publish","type":"post","link":"https:\/\/diariodominicano.com\/?p=162115","title":{"rendered":"JCE anuncia apertura de nuevas oficinas en NY para expedici\u00f3n de la nueva c\u00e9dula"},"content":{"rendered":"<p><body><\/p>\n<p><img decoding=\"async\" src=\"img3\/MELENCIANO.jpg\" \/>  <\/p>\n<p><span class=\"text1noticias\">NEW YORK, EEUU., 17 de Septiembre.-Miguel Melenciano, supervisor general de la Junta en Estados Unidos y encargado de cedulaci\u00f3n, anunci\u00f3 la apertura de nuevas oficinas para la expedici\u00f3n del nuevo documento de Identidad y Electoral como f\u00f3rmula de facilitar aun mas a los dominicanos residentes en territorio americano.<\/span><\/p>\n<\/p>\n<p><span class=\"text1noticias\">Adelant\u00f3 que la primera oficina ser\u00e1 en el Bronx en la 176St. con Jerone, de bajo de la plataforma del tren 4, tambi\u00e9n se abrir\u00e1n oficinas en Brooklyn, Queens, Long Island y cuantas otras necesarias para que los m\u00e1s de cien mil cedulados puedan obtener el importante documento. <\/span><\/p>\n<\/p>\n<p><span class=\"text1noticias\">El funcionario electoral se quej\u00f3 de los partidos pol\u00edticos est\u00e1n exigiendo apertura de nuevas oficinas de expedici\u00f3n  pero no se han integrados al proceso llevando a sus militancias a solicitar dicho documentos.<\/span><\/p>\n<\/p>\n<p><span class=\"text1noticias\">Melenciano record\u00f3 que la Junta Central Electoral es una dependencia del Estado Dominicano y como tal en el extranjero debe operar en los consulados bajo la sombrilla de estos y amparado en las leyes correspondientes del pa\u00eds en que se instale.<\/span><\/p>\n<\/p>\n<p><span class=\"text1noticias\">Dijo que en los Estados Unidos para poder instalar una oficina para tales fines se debe pedir un pl\u00e1ceme para poder operar y ce\u00f1irse a las leyes vigentes que rigen a materia. <\/span><\/p>\n<\/p>\n<p><span class=\"text1noticias\">Asegur\u00f3 que la instituci\u00f3n trabaja para que ning\u00fan ciudadano o ciudadana se quede sin su nueva cedula y resalt\u00f3 la forma transparente y de cara al Sol con que se viene realizando el proceso, bajo las sabias orientaciones de su presidente, Magistrado Roberto Rosario M\u00e1rquez a quien el pueblo dominicano ha se\u00f1alado en numerosas encuestas como la segunda persona mejor valorada del pa\u00eds, donde primero lugar aparece el presidente Danilo Medina S\u00e1nchez.<\/span><\/p>\n<\/p>\n<p><span class=\"text1noticias\">Llamado a los partidos pol\u00edticos dominicanos a no hacer ruidos y torpedear el proceso de expedici\u00f3n de la nueva cedula  y contribuir a que se cumpla todo el cronograma  establecido para tales fines.<\/span><\/p>\n<\/p>\n<p><span class=\"text1noticias\">Las declaraciones del reconocido funcionario electoral fueron dadas en el programa DE POLITICA Y ALGO M\u00c1S que se produce cada domingo de 6 a 9 de la noche cada domingo por Quisqueyafm.com, bajo la conducci\u00f3n de Manuel Octavio P\u00e9rez (Ma\u00f1engo), Constantino De la Rosa y Luis An\u00edbal Medrano. <\/span><\/p>\n<\/p>\n<p><span class=\"text1noticias\">Finalmente el doctor Miguel Melenciano garantiz\u00f3 el alto grado de seguridad que posee el documento el cual lo hace casi imposible de ser objeto de falsificaci\u00f3n ya que los mecanismos empleados y los datos biom\u00e9tricos que contienen lo hacen un documento adecuado a los nuevos tiempos y ajustado a los est\u00e1ndares internacionales de seguridad.(HG)<\/span>.<\/p>\n<h6> 2014-09-17 17:48:04 <\/h6>\n<p><!--\n<link rel=\"stylesheet\" href=\"css\/bootstrap.min.css\">\n\n\n<ul class=\"pagination\">\n\t    \n\t\n\n<li >\n\t<a href='?page_no=14552'>Previous<\/a>\n\t<\/li>\n\n\n       \n    \n\n<li><a href='?page_no=1'>1<\/a><\/li>\n\n\n\n<li><a href='?page_no=2'>2<\/a><\/li>\n\n\n\n<li><a>...<\/a><\/li>\n\n\n\n<li><a href='?page_no=14551'>14551<\/a><\/li>\n\n\n\n<li><a href='?page_no=14552'>14552<\/a><\/li>\n\n\n\n<li class='active'><a>14553<\/a><\/li>\n\n\n\n<li><a href='?page_no=14554'>14554<\/a><\/li>\n\n\n\n<li><a href='?page_no=14555'>14555<\/a><\/li>\n\n\n\n<li><a>...<\/a><\/li>\n\n\n\n<li><a href='?page_no=36999'>36999<\/a><\/li>\n\n\n\n<li><a href='?page_no=37000'>37000<\/a><\/li>\n\n    \n\t\n\n<li >\n\t<a href='?page_no=14554'>Next<\/a>\n\t<\/li>\n\n\n    \n\n<li><a href='?page_no=37000'>Last &rsaquo;&rsaquo;<\/a><\/li>\n\n<\/ul>\n\n\n--><br \/>\n<\/body><\/p>\n","protected":false},"excerpt":{"rendered":"<p>NEW YORK, EEUU., 17 de Septiembre.-Miguel Melenciano, supervisor general de la Junta en Estados Unidos y encargado de cedulaci\u00f3n, anunci\u00f3 la apertura de nuevas oficinas para la expedici\u00f3n del nuevo documento de Identidad y Electoral como f\u00f3rmula de facilitar aun mas a los dominicanos residentes en territorio americano. Adelant\u00f3 que la primera oficina ser\u00e1 en [&hellip;]<\/p>\n","protected":false},"author":3,"featured_media":0,"comment_status":"open","ping_status":"open","sticky":false,"template":"","format":"standard","meta":{"footnotes":""},"categories":[22],"tags":[],"class_list":["post-162115","post","type-post","status-publish","format-standard","hentry","category-politica"],"_links":{"self":[{"href":"https:\/\/diariodominicano.com\/index.php?rest_route=\/wp\/v2\/posts\/162115","targetHints":{"allow":["GET"]}}],"collection":[{"href":"https:\/\/diariodominicano.com\/index.php?rest_route=\/wp\/v2\/posts"}],"about":[{"href":"https:\/\/diariodominicano.com\/index.php?rest_route=\/wp\/v2\/types\/post"}],"author":[{"embeddable":true,"href":"https:\/\/diariodominicano.com\/index.php?rest_route=\/wp\/v2\/users\/3"}],"replies":[{"embeddable":true,"href":"https:\/\/diariodominicano.com\/index.php?rest_route=%2Fwp%2Fv2%2Fcomments&post=162115"}],"version-history":[{"count":0,"href":"https:\/\/diariodominicano.com\/index.php?rest_route=\/wp\/v2\/posts\/162115\/revisions"}],"wp:attachment":[{"href":"https:\/\/diariodominicano.com\/index.php?rest_route=%2Fwp%2Fv2%2Fmedia&parent=162115"}],"wp:term":[{"taxonomy":"category","embeddable":true,"href":"https:\/\/diariodominicano.com\/index.php?rest_route=%2Fwp%2Fv2%2Fcategories&post=162115"},{"taxonomy":"post_tag","embeddable":true,"href":"https:\/\/diariodominicano.com\/index.php?rest_route=%2Fwp%2Fv2%2Ftags&post=162115"}],"curies":[{"name":"wp","href":"https:\/\/api.w.org\/{rel}","templated":true}]}}