{"id":162114,"date":"2014-09-17T18:18:24","date_gmt":"2014-09-17T18:18:24","guid":{"rendered":"http:\/\/diariodominicano.ddns.net\/?p=162114"},"modified":"2014-09-17T18:18:24","modified_gmt":"2014-09-17T18:18:24","slug":"montas-afirma-que-danilo-traza-la-pauta-a-futuros-gobernantes-porque-es-un-estadista","status":"publish","type":"post","link":"https:\/\/diariodominicano.com\/?p=162114","title":{"rendered":"&#13;&#13;Mont\u00e1s afirma que Danilo traza la pauta a futuros gobernantes porque es un estadista"},"content":{"rendered":"<p><body><\/p>\n<p><img decoding=\"async\" src=\"img3\/temom-jpg.jpg\" \/>  <\/p>\n<\/p>\n<p><span class=\"text1noticias\">Santo Domingo, RD, 17 de septiembre.- Al pueblo dominicano le ha encantado el estilo de gobernar del presidente Danilo Medina porque a la par de ser un mandatario sencillo, en contacto directo con la poblaci\u00f3n, se ha revelado como todo un estadista que toma las decisiones que conviene al pa\u00eds sin guiarse por el populismo, consider\u00f3 el ingeniero Tem\u00edstocles Mont\u00e1s.<\/span><\/p>\n<\/p>\n<p><span class=\"text1noticias\">El aspirante a la candidatura presidencial por el Partido de la Liberaci\u00f3n Dominicana (PLD) dijo que ante el hecho real de que el presidente Medina no se puede presentar a la reelecci\u00f3n porque se lo impide la Constituci\u00f3n, el pr\u00f3ximo Presidente tendr\u00e1 que ajustarse al estilo del actual gobernante, que a su juicio \u00abmaneja los recursos con pulcritud, no es populista y act\u00faa cuando tiene que actuar sin importar a quien afecte, siempre en el inter\u00e9s del pueblo dominicano\u00bb, agreg\u00f3.<\/span><\/p>\n<\/p>\n<p><span class=\"text1noticias\">Entre las actuaciones que Mont\u00e1s considera que consagran a Medina como un estadista, cit\u00f3 el reciente caso de la observaci\u00f3n de la ley que cre\u00f3 a Loma Miranda como parque nacional, la reforma tributaria de 2012, la negociaci\u00f3n con la Barrick, en fin, \u00abuna serie de cosas que Danilo ha hecho que ponen en evidencia que es un estadista, que no est\u00e1 gobernando pensando en las pr\u00f3ximas elecciones, pues si estuviera pensando en las pr\u00f3ximas elecciones ya hubiese lanzado la reelecci\u00f3n\u00bb.<\/span><\/p>\n<\/p>\n<p><span class=\"text1noticias\">El precandidato del PLD afirm\u00f3 que Medina, que es un presidente salido de la alternabilidad democr\u00e1tica, ha rescatado el pensamiento de Juan Bosch al hacer un gobierno al servicio de los dem\u00e1s y enfocado en resolver los problemas de educaci\u00f3n, salud, infraestructura, financiamiento a la producci\u00f3n y enfrentamiento a la pobreza.<\/span><\/p>\n<\/p>\n<p><span class=\"text1noticias\">Al participar en el matutino televisivo Revista Tele 15, por digital 15, que conducen los periodistas Geraldino Gonz\u00e1lez y Ram\u00f3n Puello B\u00e1ez, Mont\u00e1s reiter\u00f3 que trabaja para ganar las primarias del PLD, y para eso ha montado una estructura nacional de trabajo que realiza ya actos masivos en todas las provincias, inform\u00f3 el equipo de prensa de su proyecto presidencial.<\/span><\/p>\n<\/p>\n<p><span class=\"text1noticias\">Al defender su derecho a buscar la candidatura presidencial para las elecciones de 2016, Mont\u00e1s dijo que lo hace esencialmente porque \u00abno podemos permitir en el PLD que alguien crea que est\u00e1 por encima del partido. Que alguien crea que sin el PLD gana\u00bb. <\/span><\/p>\n<\/p>\n<p><span class=\"text1noticias\">Inform\u00f3 que su principal lucha es porque el PLD escoja un nuevo candidato para las pr\u00f3ximas elecciones porque para eso Bosch form\u00f3 un partido de l\u00edderes todos capaces de gobernar con la fuerza de esa organizaci\u00f3n pol\u00edtica.<\/span><\/p>\n<\/p>\n<p><span class=\"text1noticias\">\u00abSi el partido se pone detr\u00e1s de cualquiera de esos l\u00edderes, como ocurri\u00f3 con Danilo, el PLD gana las elecciones, porque actualmente las encuestas dan 54% de aceptaci\u00f3n al partido\u00bb, puntualiz\u00f3 Mont\u00e1s.<\/span><\/p>\n<h6> 2014-09-17 18:18:24 <\/h6>\n<p><!--\n<link rel=\"stylesheet\" href=\"css\/bootstrap.min.css\">\n\n\n<ul class=\"pagination\">\n\t    \n\t\n\n<li >\n\t<a href='?page_no=14551'>Previous<\/a>\n\t<\/li>\n\n\n       \n    \n\n<li><a href='?page_no=1'>1<\/a><\/li>\n\n\n\n<li><a href='?page_no=2'>2<\/a><\/li>\n\n\n\n<li><a>...<\/a><\/li>\n\n\n\n<li><a href='?page_no=14550'>14550<\/a><\/li>\n\n\n\n<li><a href='?page_no=14551'>14551<\/a><\/li>\n\n\n\n<li class='active'><a>14552<\/a><\/li>\n\n\n\n<li><a href='?page_no=14553'>14553<\/a><\/li>\n\n\n\n<li><a href='?page_no=14554'>14554<\/a><\/li>\n\n\n\n<li><a>...<\/a><\/li>\n\n\n\n<li><a href='?page_no=36999'>36999<\/a><\/li>\n\n\n\n<li><a href='?page_no=37000'>37000<\/a><\/li>\n\n    \n\t\n\n<li >\n\t<a href='?page_no=14553'>Next<\/a>\n\t<\/li>\n\n\n    \n\n<li><a href='?page_no=37000'>Last &rsaquo;&rsaquo;<\/a><\/li>\n\n<\/ul>\n\n\n--><br \/>\n<\/body><\/p>\n","protected":false},"excerpt":{"rendered":"<p>Santo Domingo, RD, 17 de septiembre.- Al pueblo dominicano le ha encantado el estilo de gobernar del presidente Danilo Medina porque a la par de ser un mandatario sencillo, en contacto directo con la poblaci\u00f3n, se ha revelado como todo un estadista que toma las decisiones que conviene al pa\u00eds sin guiarse por el populismo, [&hellip;]<\/p>\n","protected":false},"author":3,"featured_media":0,"comment_status":"open","ping_status":"open","sticky":false,"template":"","format":"standard","meta":{"footnotes":""},"categories":[22],"tags":[],"class_list":["post-162114","post","type-post","status-publish","format-standard","hentry","category-politica"],"_links":{"self":[{"href":"https:\/\/diariodominicano.com\/index.php?rest_route=\/wp\/v2\/posts\/162114","targetHints":{"allow":["GET"]}}],"collection":[{"href":"https:\/\/diariodominicano.com\/index.php?rest_route=\/wp\/v2\/posts"}],"about":[{"href":"https:\/\/diariodominicano.com\/index.php?rest_route=\/wp\/v2\/types\/post"}],"author":[{"embeddable":true,"href":"https:\/\/diariodominicano.com\/index.php?rest_route=\/wp\/v2\/users\/3"}],"replies":[{"embeddable":true,"href":"https:\/\/diariodominicano.com\/index.php?rest_route=%2Fwp%2Fv2%2Fcomments&post=162114"}],"version-history":[{"count":0,"href":"https:\/\/diariodominicano.com\/index.php?rest_route=\/wp\/v2\/posts\/162114\/revisions"}],"wp:attachment":[{"href":"https:\/\/diariodominicano.com\/index.php?rest_route=%2Fwp%2Fv2%2Fmedia&parent=162114"}],"wp:term":[{"taxonomy":"category","embeddable":true,"href":"https:\/\/diariodominicano.com\/index.php?rest_route=%2Fwp%2Fv2%2Fcategories&post=162114"},{"taxonomy":"post_tag","embeddable":true,"href":"https:\/\/diariodominicano.com\/index.php?rest_route=%2Fwp%2Fv2%2Ftags&post=162114"}],"curies":[{"name":"wp","href":"https:\/\/api.w.org\/{rel}","templated":true}]}}