{"id":162113,"date":"2014-09-17T18:42:07","date_gmt":"2014-09-17T18:42:07","guid":{"rendered":"http:\/\/diariodominicano.ddns.net\/?p=162113"},"modified":"2014-09-17T18:42:07","modified_gmt":"2014-09-17T18:42:07","slug":"segura-aspira-a-ser-presidente-de-la-republica-para-combatir-probeza","status":"publish","type":"post","link":"https:\/\/diariodominicano.com\/?p=162113","title":{"rendered":"&#13;&#13;&#13;Segura aspira a ser presidente de la Rep\u00fablica para combatir probeza"},"content":{"rendered":"<p><body><\/p>\n<p><img decoding=\"async\" src=\"img3\/radhamessegura.jpg\" \/><br \/><img decoding=\"async\" src=\"img3\/segura.jpg\" \/>  <\/p>\n<\/p>\n<p>Santo Domingo, RD, 17 de septiembre.- Radham\u00e9s Segura al referirse a su precandidatura presidencial, en el Partido de la Liberaci\u00f3n Dominicana (PLD) expres\u00f3 que se considera una persona de servicio y que procura llegar a la presidencia para combatir la pobreza, encaminado en un gobierno de justicia social.<\/p>\n<\/p>\n<p>Segura dijo que los gobiernos basados en el modelo de la globalizaci\u00f3n han tra\u00eddo m\u00e1s pobreza, por que gobiernan a favor de un grupo.<\/p>\n<\/p>\n<p>Al hablar de su relaci\u00f3n con el Presidente Danilo Medina, Segura dijo que es muy buena y neg\u00f3 estar en desgracia con el gobierno, indicando que le han ofrecido cargos, los cuales no acept\u00f3 por su campa\u00f1a pol\u00edtica.<\/p>\n<\/p>\n<p>Segura no quiso responder al preguntarle si Danilo Medina ha corregido lo que est\u00e1 mal,  y se limit\u00f3 a decir que Medina ha continuado algunas cosas que est\u00e1n bien.<\/p>\n<\/p>\n<p>Situaci\u00f3n interna del PLD<\/p>\n<\/p>\n<p>Al conversar con el periodista Salvador Holgu\u00edn en el programa \u00a8Hilando Fino\u00a8 transmitido de lunes a viernes por Teleradio Am\u00e9rica canal 45, Radhames Segura  habl\u00f3 tambi\u00e9n sobre la situaci\u00f3n interna del PLD.<\/p>\n<\/p>\n<p>Dijo  que en endicho partido reina la inconformidad con los gobiernos que han pasado, porque han gobernado para un peque\u00f1o grupo.<\/p>\n<\/p>\n<p>Segura indic\u00f3 que la base del PLD est\u00e1 dividida en dos partes \u00abuna que est\u00e1 en buena y una que est\u00e1 en mala\u00ab. Expres\u00f3 que representa a esa parte que est\u00e1 mal y que es el camino para el cambio del malestar al bienestar<\/p>\n<p>Radhames Segura afirm\u00f3 que es el candidato m\u00e1s solidario dentro del partido PLD.<\/p>\n<\/p>\n<p>El programa \u00abHilando Fino\u00bb se transmite de lunes a viernes a las 8 am por Teleradio Am\u00e9rica canal 45 y para los Estados Unidos, Centro Am\u00e9rica y Europa por S\u00faper Canal Caribe, Cablevisi\u00f3n 211, Comcast 620, Time Warner Cable 809 y Verizon FiOS 1507 y por la Internet www.hilandofinotv.com, en youtube \/hilandofinotv.<\/p>\n<h6> 2014-09-17 18:42:07 <\/h6>\n<p><!--\n<link rel=\"stylesheet\" href=\"css\/bootstrap.min.css\">\n\n\n<ul class=\"pagination\">\n\t    \n\t\n\n<li >\n\t<a href='?page_no=14550'>Previous<\/a>\n\t<\/li>\n\n\n       \n    \n\n<li><a href='?page_no=1'>1<\/a><\/li>\n\n\n\n<li><a href='?page_no=2'>2<\/a><\/li>\n\n\n\n<li><a>...<\/a><\/li>\n\n\n\n<li><a href='?page_no=14549'>14549<\/a><\/li>\n\n\n\n<li><a href='?page_no=14550'>14550<\/a><\/li>\n\n\n\n<li class='active'><a>14551<\/a><\/li>\n\n\n\n<li><a href='?page_no=14552'>14552<\/a><\/li>\n\n\n\n<li><a href='?page_no=14553'>14553<\/a><\/li>\n\n\n\n<li><a>...<\/a><\/li>\n\n\n\n<li><a href='?page_no=36999'>36999<\/a><\/li>\n\n\n\n<li><a href='?page_no=37000'>37000<\/a><\/li>\n\n    \n\t\n\n<li >\n\t<a href='?page_no=14552'>Next<\/a>\n\t<\/li>\n\n\n    \n\n<li><a href='?page_no=37000'>Last &rsaquo;&rsaquo;<\/a><\/li>\n\n<\/ul>\n\n\n--><br \/>\n<\/body><\/p>\n","protected":false},"excerpt":{"rendered":"<p>Santo Domingo, RD, 17 de septiembre.- Radham\u00e9s Segura al referirse a su precandidatura presidencial, en el Partido de la Liberaci\u00f3n Dominicana (PLD) expres\u00f3 que se considera una persona de servicio y que procura llegar a la presidencia para combatir la pobreza, encaminado en un gobierno de justicia social. Segura dijo que los gobiernos basados en [&hellip;]<\/p>\n","protected":false},"author":3,"featured_media":0,"comment_status":"open","ping_status":"open","sticky":false,"template":"","format":"standard","meta":{"footnotes":""},"categories":[22],"tags":[],"class_list":["post-162113","post","type-post","status-publish","format-standard","hentry","category-politica"],"_links":{"self":[{"href":"https:\/\/diariodominicano.com\/index.php?rest_route=\/wp\/v2\/posts\/162113","targetHints":{"allow":["GET"]}}],"collection":[{"href":"https:\/\/diariodominicano.com\/index.php?rest_route=\/wp\/v2\/posts"}],"about":[{"href":"https:\/\/diariodominicano.com\/index.php?rest_route=\/wp\/v2\/types\/post"}],"author":[{"embeddable":true,"href":"https:\/\/diariodominicano.com\/index.php?rest_route=\/wp\/v2\/users\/3"}],"replies":[{"embeddable":true,"href":"https:\/\/diariodominicano.com\/index.php?rest_route=%2Fwp%2Fv2%2Fcomments&post=162113"}],"version-history":[{"count":0,"href":"https:\/\/diariodominicano.com\/index.php?rest_route=\/wp\/v2\/posts\/162113\/revisions"}],"wp:attachment":[{"href":"https:\/\/diariodominicano.com\/index.php?rest_route=%2Fwp%2Fv2%2Fmedia&parent=162113"}],"wp:term":[{"taxonomy":"category","embeddable":true,"href":"https:\/\/diariodominicano.com\/index.php?rest_route=%2Fwp%2Fv2%2Fcategories&post=162113"},{"taxonomy":"post_tag","embeddable":true,"href":"https:\/\/diariodominicano.com\/index.php?rest_route=%2Fwp%2Fv2%2Ftags&post=162113"}],"curies":[{"name":"wp","href":"https:\/\/api.w.org\/{rel}","templated":true}]}}