{"id":162112,"date":"2014-09-17T18:56:18","date_gmt":"2014-09-17T18:56:18","guid":{"rendered":"http:\/\/diariodominicano.ddns.net\/?p=162112"},"modified":"2014-09-17T18:56:18","modified_gmt":"2014-09-17T18:56:18","slug":"fernando-rosa-aspirante-a-alcalde-por-santiago-presenta-plan-seguridad-municipal","status":"publish","type":"post","link":"https:\/\/diariodominicano.com\/?p=162112","title":{"rendered":"&#13;&#13;Fernando Rosa aspirante a Alcalde por Santiago presenta plan seguridad municipal."},"content":{"rendered":"<p><body><\/p>\n<p><img decoding=\"async\" src=\"img3\/delarosa.jpg\" \/><br \/><img decoding=\"async\" src=\"img3\/publicosantiago.jpg\" \/>  <\/p>\n<\/p>\n<p><span class=\"text1noticias\"> <\/span><\/p>\n<p><span class=\"text1noticias\">Santiago, RD, 17 septiembre.-El aspirante a la Alcald\u00eda de Santiago por el PLD, Fernando Rosa dijo  ante miles de personas de los movimientos del Sector Externo que apoyan su candidatura que este municipio requiere de una gesti\u00f3n administrativa visionaria, honesta, sensible y comprometida con la eficiencia y transparencia del cabildo.<\/span><\/p>\n<\/p>\n<p><span class=\"text1noticias\">\u00abCon el apoyo de ustedes nos comprometemos  a gestionar un gobierno para los mun\u00edcipes de Santiago, que beneficie  la calidad de vida de sus habitantes, se seguridad y modernizaci\u00f3n m\u00e1s limpio, mejor organizado, seguro y de mayor progreso del pa\u00eds\u00bb, dijo el pre-candidato a s\u00edndico.<\/span><\/p>\n<p><span class=\"text1noticias\"> <\/span><\/p>\n<p><span class=\"text1noticias\">Rosa habl\u00f3, previo al acto de juramentaci\u00f3n de miles de personas   en el bajo techo de Sameji, que son parte de los movimientos del sector Externo que apoyan su proyecto pol\u00edtico con miras a dirigir el Ayuntamiento  en el 2016.<\/span><\/p>\n<p><span class=\"text1noticias\"> <\/span><\/p>\n<p><span class=\"text1noticias\">El alto dirigente del PLD, miembro del Comit\u00e9 Central, se comprometi\u00f3 con dise\u00f1ar  un programa  social para beneficiar  a los sectores sociales m\u00e1s vulnerables de la ciudad, como la ni\u00f1ez, madres solteras, discapacitados, j\u00f3venes, envejecientes y damnificados.<\/span><\/p>\n<p><span class=\"text1noticias\"> <\/span><\/p>\n<p><span class=\"text1noticias\">Sostuvo el licenciado Fernando Rosa que la puesta en marcha de este proyecto de protecci\u00f3n a segmentos sociales de escasos recursos implicar\u00eda  ampliar  y hacer m\u00e1s eficiente el programa de asistencia social a los mun\u00edcipe.<\/span><\/p>\n<p><span class=\"text1noticias\"> <\/span><\/p>\n<p><span class=\"text1noticias\">Inform\u00f3 que pretende realizar una gesti\u00f3n alineada con el sentir  de sus gentes, que d\u00e9 respuesta integral a las demandas  de pol\u00edticas sociales, medio ambiental, seguridad ciudadana, empleo y sobretodo transparencia.<\/span><\/p>\n<p><span class=\"text1noticias\"> <\/span><\/p>\n<p><span class=\"text1noticias\">El licenciado Fernando Rosa, igualmente, anunci\u00f3 establecer acuerdos desde el cabildo con instituciones como EDENORTE  para establecer alianza estrat\u00e9gica que permita mantener el alumbrado de todas las calles y garantizar la seguridad y el esparcimiento de la poblaci\u00f3n.<\/span><\/p>\n<p><span class=\"text1noticias\"> <\/span><\/p>\n<p><span class=\"text1noticias\">Tambi\u00e9n Rosa inform\u00f3 sobre el programa  de mantenimiento y protecci\u00f3n de los espacios de vocaci\u00f3n tur\u00edstica para rescatar los s\u00edmbolos y fortalecer  la identidad local perdida.<\/span><\/p>\n<p><span class=\"text1noticias\"> <\/span><\/p>\n<p><span class=\"text1noticias\">\u00abMe comprometo con ustedes hoy a rescatar  el orgullo de ser santiaguero y que volvamos  a decir, \u00abSantiago es Santiago, la Ciudad Coraz\u00f3n\u00bb, agreg\u00f3.<\/span><\/p>\n<p><span class=\"text1noticias\"> <\/span><\/p>\n<p><span class=\"text1noticias\">Reiter\u00f3 el precandidato a alcalde del PLD  por Santiago, ratific\u00f3 su decisi\u00f3n de impulsar  la creaci\u00f3n de un ambiente  agradable con \u00e1reas verdes, parques y espacios p\u00fablicos adecuados para  el sano esparcimiento de la familia.<\/span><\/p>\n<p><span class=\"text1noticias\"> <\/span><\/p>\n<p><span class=\"text1noticias\">Durante el acto pol\u00edtico de apoyo a Rosa del sector externo, hablaron, el director de campa\u00f1a, el diputado Dilepcio N\u00fa\u00f1ez; Miguel \u00c1ngel D\u00edaz Thomas, coordinador del sector externo, Rafael Guzm\u00e1n del movimiento Mi familia con Fernando y  la doctora Minerva Felipe, que dirige el movimiento de los Odont\u00f3logos con Fernando, entre otros.<\/span><\/p>\n<h6> 2014-09-17 18:56:18 <\/h6>\n<p><!--\n<link rel=\"stylesheet\" href=\"css\/bootstrap.min.css\">\n\n\n<ul class=\"pagination\">\n\t    \n\t\n\n<li >\n\t<a href='?page_no=14549'>Previous<\/a>\n\t<\/li>\n\n\n       \n    \n\n<li><a href='?page_no=1'>1<\/a><\/li>\n\n\n\n<li><a href='?page_no=2'>2<\/a><\/li>\n\n\n\n<li><a>...<\/a><\/li>\n\n\n\n<li><a href='?page_no=14548'>14548<\/a><\/li>\n\n\n\n<li><a href='?page_no=14549'>14549<\/a><\/li>\n\n\n\n<li class='active'><a>14550<\/a><\/li>\n\n\n\n<li><a href='?page_no=14551'>14551<\/a><\/li>\n\n\n\n<li><a href='?page_no=14552'>14552<\/a><\/li>\n\n\n\n<li><a>...<\/a><\/li>\n\n\n\n<li><a href='?page_no=36999'>36999<\/a><\/li>\n\n\n\n<li><a href='?page_no=37000'>37000<\/a><\/li>\n\n    \n\t\n\n<li >\n\t<a href='?page_no=14551'>Next<\/a>\n\t<\/li>\n\n\n    \n\n<li><a href='?page_no=37000'>Last &rsaquo;&rsaquo;<\/a><\/li>\n\n<\/ul>\n\n\n--><br \/>\n<\/body><\/p>\n","protected":false},"excerpt":{"rendered":"<p>Santiago, RD, 17 septiembre.-El aspirante a la Alcald\u00eda de Santiago por el PLD, Fernando Rosa dijo ante miles de personas de los movimientos del Sector Externo que apoyan su candidatura que este municipio requiere de una gesti\u00f3n administrativa visionaria, honesta, sensible y comprometida con la eficiencia y transparencia del cabildo. \u00abCon el apoyo de ustedes [&hellip;]<\/p>\n","protected":false},"author":3,"featured_media":0,"comment_status":"open","ping_status":"open","sticky":false,"template":"","format":"standard","meta":{"footnotes":""},"categories":[22],"tags":[],"class_list":["post-162112","post","type-post","status-publish","format-standard","hentry","category-politica"],"_links":{"self":[{"href":"https:\/\/diariodominicano.com\/index.php?rest_route=\/wp\/v2\/posts\/162112","targetHints":{"allow":["GET"]}}],"collection":[{"href":"https:\/\/diariodominicano.com\/index.php?rest_route=\/wp\/v2\/posts"}],"about":[{"href":"https:\/\/diariodominicano.com\/index.php?rest_route=\/wp\/v2\/types\/post"}],"author":[{"embeddable":true,"href":"https:\/\/diariodominicano.com\/index.php?rest_route=\/wp\/v2\/users\/3"}],"replies":[{"embeddable":true,"href":"https:\/\/diariodominicano.com\/index.php?rest_route=%2Fwp%2Fv2%2Fcomments&post=162112"}],"version-history":[{"count":0,"href":"https:\/\/diariodominicano.com\/index.php?rest_route=\/wp\/v2\/posts\/162112\/revisions"}],"wp:attachment":[{"href":"https:\/\/diariodominicano.com\/index.php?rest_route=%2Fwp%2Fv2%2Fmedia&parent=162112"}],"wp:term":[{"taxonomy":"category","embeddable":true,"href":"https:\/\/diariodominicano.com\/index.php?rest_route=%2Fwp%2Fv2%2Fcategories&post=162112"},{"taxonomy":"post_tag","embeddable":true,"href":"https:\/\/diariodominicano.com\/index.php?rest_route=%2Fwp%2Fv2%2Ftags&post=162112"}],"curies":[{"name":"wp","href":"https:\/\/api.w.org\/{rel}","templated":true}]}}