{"id":162110,"date":"2014-09-17T19:21:06","date_gmt":"2014-09-17T19:21:06","guid":{"rendered":"http:\/\/diariodominicano.ddns.net\/?p=162110"},"modified":"2014-09-17T19:21:06","modified_gmt":"2014-09-17T19:21:06","slug":"fuerza-boschista-reconocera-este-miercoles-a-blanco-fernandez-yal-embajador-de-cuba-en-republica-dominicana","status":"publish","type":"post","link":"https:\/\/diariodominicano.com\/?p=162110","title":{"rendered":"&#13;&#13;&#13;Fuerza  Boschista reconocer\u00e1 este mi\u00e9rcoles a Blanco Fern\u00e1ndez yal  embajador de Cuba en Rep\u00fablica Dominicana"},"content":{"rendered":"<p><body><\/p>\n<p><img decoding=\"async\" src=\"http:\/\/localhost:8080\/img3\/blanco.jpg\" \/>  <\/p>\n<\/p>\n<p>Santo Domingo, RD, 17 de septiembre.- La Fuerza Boschista que coordina  Lu\u00eds de Le\u00f3n, miembro del Comit\u00e9 Central del Partido de la Liberaci\u00f3n Dominicana (PLD),  har\u00e1 un reconocimiento a Andr\u00e9s Blanco Fern\u00e1ndez, miembro  fundador del Partido de la Liberaci\u00f3n Dominicana.<\/p>\n<\/p>\n<p>Una nota del PLD remitida a los medios se\u00f1ala a Blanco Fern\u00e1ndez como uno de los afectados directo de la dictadura de Augusto Pinochet en Chile en  donde un hijo suyo que estudiaba all\u00ed , falleci\u00f3 all\u00ed victima de la acciones represivas generadas por el golpe de Estado al presidente Salvador Allende, que reci\u00e9n cumpli\u00f3 41 a\u00f1os.<\/p>\n<\/p>\n<p>La Fuerza Boschista tambi\u00e9n reconocer\u00e1 al  saliente embajador de Cuba en el pa\u00eds, el se\u00f1or Alexis Bandrich Vega quien concluye su mandato como diplom\u00e1tico acreditado en Rep\u00fablica Dominicana<\/p>\n<\/p>\n<p>Un nutrido n\u00famero de dirigentes del PLD se dar\u00e1n cita al doble reconocimiento que hace Lu\u00eds de Le\u00f3n y la Fuerza Bochista a  Blanco Fern\u00e1ndez y al embajador cubano Alexis Bandrich Vega, respectivamente.<\/p>\n<h6> 2014-09-17 19:21:06 <\/h6>\n<p><!--\n<link rel=\"stylesheet\" href=\"css\/bootstrap.min.css\">\n\n\n<ul class=\"pagination\">\n\t    \n\t\n\n<li >\n\t<a href='?page_no=14548'>Previous<\/a>\n\t<\/li>\n\n\n       \n    \n\n<li><a href='?page_no=1'>1<\/a><\/li>\n\n\n\n<li><a href='?page_no=2'>2<\/a><\/li>\n\n\n\n<li><a>...<\/a><\/li>\n\n\n\n<li><a href='?page_no=14547'>14547<\/a><\/li>\n\n\n\n<li><a href='?page_no=14548'>14548<\/a><\/li>\n\n\n\n<li class='active'><a>14549<\/a><\/li>\n\n\n\n<li><a href='?page_no=14550'>14550<\/a><\/li>\n\n\n\n<li><a href='?page_no=14551'>14551<\/a><\/li>\n\n\n\n<li><a>...<\/a><\/li>\n\n\n\n<li><a href='?page_no=36999'>36999<\/a><\/li>\n\n\n\n<li><a href='?page_no=37000'>37000<\/a><\/li>\n\n    \n\t\n\n<li >\n\t<a href='?page_no=14550'>Next<\/a>\n\t<\/li>\n\n\n    \n\n<li><a href='?page_no=37000'>Last &rsaquo;&rsaquo;<\/a><\/li>\n\n<\/ul>\n\n\n--><br \/>\n<\/body><\/p>\n","protected":false},"excerpt":{"rendered":"<p>Santo Domingo, RD, 17 de septiembre.- La Fuerza Boschista que coordina Lu\u00eds de Le\u00f3n, miembro del Comit\u00e9 Central del Partido de la Liberaci\u00f3n Dominicana (PLD), har\u00e1 un reconocimiento a Andr\u00e9s Blanco Fern\u00e1ndez, miembro fundador del Partido de la Liberaci\u00f3n Dominicana. Una nota del PLD remitida a los medios se\u00f1ala a Blanco Fern\u00e1ndez como uno de [&hellip;]<\/p>\n","protected":false},"author":3,"featured_media":0,"comment_status":"open","ping_status":"open","sticky":false,"template":"","format":"standard","meta":{"footnotes":""},"categories":[22],"tags":[],"class_list":["post-162110","post","type-post","status-publish","format-standard","hentry","category-politica"],"_links":{"self":[{"href":"https:\/\/diariodominicano.com\/index.php?rest_route=\/wp\/v2\/posts\/162110","targetHints":{"allow":["GET"]}}],"collection":[{"href":"https:\/\/diariodominicano.com\/index.php?rest_route=\/wp\/v2\/posts"}],"about":[{"href":"https:\/\/diariodominicano.com\/index.php?rest_route=\/wp\/v2\/types\/post"}],"author":[{"embeddable":true,"href":"https:\/\/diariodominicano.com\/index.php?rest_route=\/wp\/v2\/users\/3"}],"replies":[{"embeddable":true,"href":"https:\/\/diariodominicano.com\/index.php?rest_route=%2Fwp%2Fv2%2Fcomments&post=162110"}],"version-history":[{"count":0,"href":"https:\/\/diariodominicano.com\/index.php?rest_route=\/wp\/v2\/posts\/162110\/revisions"}],"wp:attachment":[{"href":"https:\/\/diariodominicano.com\/index.php?rest_route=%2Fwp%2Fv2%2Fmedia&parent=162110"}],"wp:term":[{"taxonomy":"category","embeddable":true,"href":"https:\/\/diariodominicano.com\/index.php?rest_route=%2Fwp%2Fv2%2Fcategories&post=162110"},{"taxonomy":"post_tag","embeddable":true,"href":"https:\/\/diariodominicano.com\/index.php?rest_route=%2Fwp%2Fv2%2Ftags&post=162110"}],"curies":[{"name":"wp","href":"https:\/\/api.w.org\/{rel}","templated":true}]}}