{"id":162109,"date":"2014-09-17T19:59:48","date_gmt":"2014-09-17T19:59:48","guid":{"rendered":"http:\/\/diariodominicano.ddns.net\/?p=162109"},"modified":"2014-09-17T19:59:48","modified_gmt":"2014-09-17T19:59:48","slug":"alianza-pais-exhorta-a-participar-en-la-gran-marcha-contra-la-crisis-climatica","status":"publish","type":"post","link":"https:\/\/diariodominicano.com\/?p=162109","title":{"rendered":"&#13;Alianza Pa\u00eds exhorta a participar en la gran marcha contra la crisis clim\u00e1tica"},"content":{"rendered":"<p><body><\/p>\n<p><img decoding=\"async\" src=\"img3\/alianza.jpg\" \/>  <\/p>\n<\/p>\n<p>Por Freddy P. Galarza <\/p>\n<\/p>\n<p>New York, EEUU, 17 de septiembre .- La seccional de Alianza Pa\u00eds expres\u00f3 que mientras los l\u00edderes mundiales est\u00e9n reunidos en las Naciones Unidas este domingo 21, abordando tema de la crisis clim\u00e1tica, en las calles de Nueva York, miles de personas estar\u00e1n demandando un mundo donde la econom\u00eda est\u00e9 al servicio del ser humano.  <\/p>\n<\/p>\n<p>Precisa la organizaci\u00f3n pol\u00edtica que al tiempo de celebrarse la gran marcha de los pueblos  contra la crisis clim\u00e1tica, m\u00e1s de mil 500 actividades con prop\u00f3sito semejante estar\u00e1n tomando curso en 130 pa\u00edses de todas las regiones del mundo el pr\u00f3ximo domingo.<\/p>\n<\/p>\n<p>Estima que cerca de 400 autobuses y trenes arribar\u00e1n a la gran urbe neoyorkina de otros estados de la naci\u00f3n y Canad\u00e1 para participar de la manifestaci\u00f3n que se inicia a partir de las 11:00 AM, en la calle Columbus Circle ( Broadway y calle 59 ). <\/p>\n<\/p>\n<p>Manifiesta Alianza Pa\u00eds que m\u00e1s de mil organizaciones sindicales, comunitarias, ambientalistas y pol\u00edticas alrededor del mundo est\u00e1n endosando la hist\u00f3rica manifestaci\u00f3n  a realizarse en Nueva York.<\/p>\n<\/p>\n<p>Significa que desde la comunidad dominicana de Nueva York, se movilizar\u00e1 un contingente de hombres y mujeres para reclamar la preservaci\u00f3n de Loma Miranda, del apetito voraz e insaciable de Falcondo y condenar la actitud adoptada por el presidente dominicano Danilo Medina, de vetar el proyecto de ley.<\/p>\n<\/p>\n<p>Se\u00f1ala la entidad que lidera Guillermo Moreno, que el contingente de dominicanos que estar\u00e1 presente en la gran movilizaci\u00f3n estar\u00e1 integrado por personas de distintas creencias ideol\u00f3gicas y militancias partidarias agrupadas en el Comit\u00e9 Pro-loma Miranda Parque Nacional.<\/p>\n<h6> 2014-09-17 19:59:48 <\/h6>\n<p><!--\n<link rel=\"stylesheet\" href=\"css\/bootstrap.min.css\">\n\n\n<ul class=\"pagination\">\n\t    \n\t\n\n<li >\n\t<a href='?page_no=14547'>Previous<\/a>\n\t<\/li>\n\n\n       \n    \n\n<li><a href='?page_no=1'>1<\/a><\/li>\n\n\n\n<li><a href='?page_no=2'>2<\/a><\/li>\n\n\n\n<li><a>...<\/a><\/li>\n\n\n\n<li><a href='?page_no=14546'>14546<\/a><\/li>\n\n\n\n<li><a href='?page_no=14547'>14547<\/a><\/li>\n\n\n\n<li class='active'><a>14548<\/a><\/li>\n\n\n\n<li><a href='?page_no=14549'>14549<\/a><\/li>\n\n\n\n<li><a href='?page_no=14550'>14550<\/a><\/li>\n\n\n\n<li><a>...<\/a><\/li>\n\n\n\n<li><a href='?page_no=36999'>36999<\/a><\/li>\n\n\n\n<li><a href='?page_no=37000'>37000<\/a><\/li>\n\n    \n\t\n\n<li >\n\t<a href='?page_no=14549'>Next<\/a>\n\t<\/li>\n\n\n    \n\n<li><a href='?page_no=37000'>Last &rsaquo;&rsaquo;<\/a><\/li>\n\n<\/ul>\n\n\n--><br \/>\n<\/body><\/p>\n","protected":false},"excerpt":{"rendered":"<p>Por Freddy P. Galarza New York, EEUU, 17 de septiembre .- La seccional de Alianza Pa\u00eds expres\u00f3 que mientras los l\u00edderes mundiales est\u00e9n reunidos en las Naciones Unidas este domingo 21, abordando tema de la crisis clim\u00e1tica, en las calles de Nueva York, miles de personas estar\u00e1n demandando un mundo donde la econom\u00eda est\u00e9 al [&hellip;]<\/p>\n","protected":false},"author":3,"featured_media":0,"comment_status":"open","ping_status":"open","sticky":false,"template":"","format":"standard","meta":{"footnotes":""},"categories":[22],"tags":[],"class_list":["post-162109","post","type-post","status-publish","format-standard","hentry","category-politica"],"_links":{"self":[{"href":"https:\/\/diariodominicano.com\/index.php?rest_route=\/wp\/v2\/posts\/162109","targetHints":{"allow":["GET"]}}],"collection":[{"href":"https:\/\/diariodominicano.com\/index.php?rest_route=\/wp\/v2\/posts"}],"about":[{"href":"https:\/\/diariodominicano.com\/index.php?rest_route=\/wp\/v2\/types\/post"}],"author":[{"embeddable":true,"href":"https:\/\/diariodominicano.com\/index.php?rest_route=\/wp\/v2\/users\/3"}],"replies":[{"embeddable":true,"href":"https:\/\/diariodominicano.com\/index.php?rest_route=%2Fwp%2Fv2%2Fcomments&post=162109"}],"version-history":[{"count":0,"href":"https:\/\/diariodominicano.com\/index.php?rest_route=\/wp\/v2\/posts\/162109\/revisions"}],"wp:attachment":[{"href":"https:\/\/diariodominicano.com\/index.php?rest_route=%2Fwp%2Fv2%2Fmedia&parent=162109"}],"wp:term":[{"taxonomy":"category","embeddable":true,"href":"https:\/\/diariodominicano.com\/index.php?rest_route=%2Fwp%2Fv2%2Fcategories&post=162109"},{"taxonomy":"post_tag","embeddable":true,"href":"https:\/\/diariodominicano.com\/index.php?rest_route=%2Fwp%2Fv2%2Ftags&post=162109"}],"curies":[{"name":"wp","href":"https:\/\/api.w.org\/{rel}","templated":true}]}}