{"id":162108,"date":"2014-09-17T22:02:28","date_gmt":"2014-09-17T22:02:28","guid":{"rendered":"http:\/\/diariodominicano.ddns.net\/?p=162108"},"modified":"2014-09-17T22:02:28","modified_gmt":"2014-09-17T22:02:28","slug":"anteproyecto-procura-fortaleza-institucional-de-los-partidos-politicos","status":"publish","type":"post","link":"https:\/\/diariodominicano.com\/?p=162108","title":{"rendered":"Anteproyecto procura fortaleza institucional de los partidos pol\u00edticos"},"content":{"rendered":"<p><body><\/p>\n<p><img decoding=\"async\" src=\"img3\/Cesar.jpg\" \/>  <\/p>\n<p><span class=\"text1noticias\">Santo Domingo, RD, 17 de Septiembre.-De manera oficial el  Partido de la Liberaci\u00f3n Dominicana (PLD) se referir\u00e1 a las declaraciones de la Fundaci\u00f3n Institucionalidad y Justicia (Finjus) por intermedio de la comisi\u00f3n del Comit\u00e9 Pol\u00edtico que present\u00f3 a las bancadas de esa organizaci\u00f3n en el Congreso el Anteproyecto de Ley de Partidos y Agrupaciones Pol\u00edticas.<\/span><\/p>\n<\/p>\n<p><span class=\"text1noticias\">As\u00ed lo declar\u00f3 Cesar Pina Toribio, miembro del Comit\u00e9 Pol\u00edtico e integrante de la comisi\u00f3n que analiz\u00f3 la pieza y la present\u00f3 a sus congresistas: \u00abya vendr\u00e1 el momento que la comisi\u00f3n del PLD opine\u00bb, respondi\u00f3 Pina Toribio a los periodistas que le abordaron sobre el tema.<\/span><\/p>\n<\/p>\n<p><span class=\"text1noticias\">En iguales t\u00e9rminos se refiri\u00f3 la tarde de este mi\u00e9rcoles Rafael Alburquerque, coordinador de la comisi\u00f3n del Comit\u00e9 Pol\u00edtico, que prepar\u00f3 el anteproyecto entregado a los congresistas pelede\u00edstas.<\/span><\/p>\n<\/p>\n<p><span class=\"text1noticias\">Mediante un despacho de la Secretar\u00eda de Comunicaciones del PLD, Alburquerque dijo que no emitir\u00eda una opini\u00f3n individual sobre lo declarado por Finjus y que lo presentar\u00e1 a la comisi\u00f3n para sea esa estructura la que se refiera a lo expresado por la ONG<\/span><\/p>\n<\/p>\n<p><span class=\"text1noticias\">Confirm\u00f3 que este jueves o viernes se reunir\u00e1 la comisi\u00f3n para conocer de esa reacci\u00f3n e informar de los resultados del encuentro sostenido con los partidos aliados al PLD en el Bloque Progresista<\/span><\/p>\n<\/p>\n<p><span class=\"text1noticias\">En horas de la ma\u00f1ana de este dia los voceros de los bloques de senadores y diputados del Partido de la Liberaci\u00f3n Dominicana (PLD), Adriano S\u00e1nchez Roa y Rub\u00e9n Maldonado rechazaron que sea un retroceso e inconstitucional, el anteproyecto de Ley de Partidos, sometido por su organizaci\u00f3n al Congreso Nacional, como afirmara Finjus<\/span><\/p>\n<p><span class=\"text1noticias\"> <\/span><\/p>\n<p><span class=\"text1noticias\">Los legisladores informaron que la pieza es analizada por las bancadas, adelantando su respaldo a la iniciativa del Comit\u00e9 Pol\u00edtico, organismo con potestad estatutaria para realizar las recomendaciones que entienda pertinente a sus congresistas.<\/span><\/p>\n<\/p>\n<p><span class=\"text1noticias\">En su considerandos el anteproyecto de Ley de partidos pol\u00edticos del PLD resalta el car\u00e1cter fundamental e indispensable para el sistema democr\u00e1tico de los partidos pol\u00edticos y la necesidad de su fortalecimiento institucional.(HG)<\/span>.  <\/p>\n<h6> 2014-09-17 22:02:28 <\/h6>\n<p><!--\n<link rel=\"stylesheet\" href=\"css\/bootstrap.min.css\">\n\n\n<ul class=\"pagination\">\n\t    \n\t\n\n<li >\n\t<a href='?page_no=14546'>Previous<\/a>\n\t<\/li>\n\n\n       \n    \n\n<li><a href='?page_no=1'>1<\/a><\/li>\n\n\n\n<li><a href='?page_no=2'>2<\/a><\/li>\n\n\n\n<li><a>...<\/a><\/li>\n\n\n\n<li><a href='?page_no=14545'>14545<\/a><\/li>\n\n\n\n<li><a href='?page_no=14546'>14546<\/a><\/li>\n\n\n\n<li class='active'><a>14547<\/a><\/li>\n\n\n\n<li><a href='?page_no=14548'>14548<\/a><\/li>\n\n\n\n<li><a href='?page_no=14549'>14549<\/a><\/li>\n\n\n\n<li><a>...<\/a><\/li>\n\n\n\n<li><a href='?page_no=36999'>36999<\/a><\/li>\n\n\n\n<li><a href='?page_no=37000'>37000<\/a><\/li>\n\n    \n\t\n\n<li >\n\t<a href='?page_no=14548'>Next<\/a>\n\t<\/li>\n\n\n    \n\n<li><a href='?page_no=37000'>Last &rsaquo;&rsaquo;<\/a><\/li>\n\n<\/ul>\n\n\n--><br \/>\n<\/body><\/p>\n","protected":false},"excerpt":{"rendered":"<p>Santo Domingo, RD, 17 de Septiembre.-De manera oficial el Partido de la Liberaci\u00f3n Dominicana (PLD) se referir\u00e1 a las declaraciones de la Fundaci\u00f3n Institucionalidad y Justicia (Finjus) por intermedio de la comisi\u00f3n del Comit\u00e9 Pol\u00edtico que present\u00f3 a las bancadas de esa organizaci\u00f3n en el Congreso el Anteproyecto de Ley de Partidos y Agrupaciones Pol\u00edticas. [&hellip;]<\/p>\n","protected":false},"author":3,"featured_media":0,"comment_status":"open","ping_status":"open","sticky":false,"template":"","format":"standard","meta":{"footnotes":""},"categories":[22],"tags":[],"class_list":["post-162108","post","type-post","status-publish","format-standard","hentry","category-politica"],"_links":{"self":[{"href":"https:\/\/diariodominicano.com\/index.php?rest_route=\/wp\/v2\/posts\/162108","targetHints":{"allow":["GET"]}}],"collection":[{"href":"https:\/\/diariodominicano.com\/index.php?rest_route=\/wp\/v2\/posts"}],"about":[{"href":"https:\/\/diariodominicano.com\/index.php?rest_route=\/wp\/v2\/types\/post"}],"author":[{"embeddable":true,"href":"https:\/\/diariodominicano.com\/index.php?rest_route=\/wp\/v2\/users\/3"}],"replies":[{"embeddable":true,"href":"https:\/\/diariodominicano.com\/index.php?rest_route=%2Fwp%2Fv2%2Fcomments&post=162108"}],"version-history":[{"count":0,"href":"https:\/\/diariodominicano.com\/index.php?rest_route=\/wp\/v2\/posts\/162108\/revisions"}],"wp:attachment":[{"href":"https:\/\/diariodominicano.com\/index.php?rest_route=%2Fwp%2Fv2%2Fmedia&parent=162108"}],"wp:term":[{"taxonomy":"category","embeddable":true,"href":"https:\/\/diariodominicano.com\/index.php?rest_route=%2Fwp%2Fv2%2Fcategories&post=162108"},{"taxonomy":"post_tag","embeddable":true,"href":"https:\/\/diariodominicano.com\/index.php?rest_route=%2Fwp%2Fv2%2Ftags&post=162108"}],"curies":[{"name":"wp","href":"https:\/\/api.w.org\/{rel}","templated":true}]}}