{"id":162105,"date":"2014-09-18T13:30:44","date_gmt":"2014-09-18T13:30:44","guid":{"rendered":"http:\/\/diariodominicano.ddns.net\/?p=162105"},"modified":"2014-09-18T13:30:44","modified_gmt":"2014-09-18T13:30:44","slug":"presidencia-y-diputado-manuel-diaz-entregan-autobuses-en-villa-altagracia","status":"publish","type":"post","link":"https:\/\/diariodominicano.com\/?p=162105","title":{"rendered":"Presidencia y diputado Manuel D\u00edaz entregan autobuses en Villa Altagracia"},"content":{"rendered":"<p><body><\/p>\n<p><img decoding=\"async\" src=\"img3\/guagua 18.jpg\" \/>  <\/p>\n<p>Villa Altagracia R.D 18 septiembre.- La Presidencia de la Rep\u00fablica representado por el Viceministro Administrativo, Alexis Lantigua y el Diputado Manuel D\u00edaz, realizaron la entrega de autobuses a estudiantes de las comunidades El Hormigo, La Cuchilla y la comunidad de Medina.<\/p>\n<\/p>\n<p>El diputado Manuel D\u00edaz, inform\u00f3 que la donaci\u00f3n de estas guaguas es el cumplimiento de la palabra del Presidente de la Rep\u00fablica, Licdo. Danilo Medina S\u00e1nchez, cuando visit\u00f3 el municipio de Villa Altagracia.<\/p>\n<\/p>\n<p>\u00abLa entrega de estos autobuses por parte del Presidente Medina, beneficia a cientos de  estudiantes  de las Asociaciones Estudiantiles de nuestro municipio y deben ser cuidadas y utilizadas para el traslado de los mismos y custodiadas por un patronato para garantizar su  uso adecuadamente\u00bb, sostuvo D\u00edaz.<\/p>\n<\/p>\n<p>El Diputado argument\u00f3 que todas estas entregas se producen  luego de realizar un  levantamiento de las necesidades prioritarias  de los habitantes de Villa  Altagracia, para darles soluciones a corto y mediano plazo, lo que expresa la voluntad firme de solucionarlas.<\/p>\n<\/p>\n<p>Cabe se\u00f1alar que los estudiantes expresaron estar agradecidos por tan importantes donaciones de guaguas, ya que esto significa un ahorro significativo para sus padres quienes ten\u00edan que buscar doscientos  y trescientos pesos diariamente, s\u00f3lo para llegar a la universidad en la capital, \u00abgracias al Presidente Danilo Medina y al Diputado Manuel D\u00edaz por ayudarnos a educarnos y desarrollarnos&#8230; porque lo necesit\u00e1bamos\u00bb.<\/p>\n<\/p>\n<p>En la actividad, estuvieron presentes: el Dirigente, Juan Manuel D\u00edaz, el representante del Senador  la Rep\u00fablica de San Crist\u00f3bal as\u00ed como miembros el Partido de la Liberaci\u00f3n Dominicana (PLD) y de la  Sociedad Civil.<\/p>\n<h6> 2014-09-18 13:30:44 <\/h6>\n<p><!--\n<link rel=\"stylesheet\" href=\"css\/bootstrap.min.css\">\n\n\n<ul class=\"pagination\">\n\t    \n\t\n\n<li >\n\t<a href='?page_no=14543'>Previous<\/a>\n\t<\/li>\n\n\n       \n    \n\n<li><a href='?page_no=1'>1<\/a><\/li>\n\n\n\n<li><a href='?page_no=2'>2<\/a><\/li>\n\n\n\n<li><a>...<\/a><\/li>\n\n\n\n<li><a href='?page_no=14542'>14542<\/a><\/li>\n\n\n\n<li><a href='?page_no=14543'>14543<\/a><\/li>\n\n\n\n<li class='active'><a>14544<\/a><\/li>\n\n\n\n<li><a href='?page_no=14545'>14545<\/a><\/li>\n\n\n\n<li><a href='?page_no=14546'>14546<\/a><\/li>\n\n\n\n<li><a>...<\/a><\/li>\n\n\n\n<li><a href='?page_no=36999'>36999<\/a><\/li>\n\n\n\n<li><a href='?page_no=37000'>37000<\/a><\/li>\n\n    \n\t\n\n<li >\n\t<a href='?page_no=14545'>Next<\/a>\n\t<\/li>\n\n\n    \n\n<li><a href='?page_no=37000'>Last &rsaquo;&rsaquo;<\/a><\/li>\n\n<\/ul>\n\n\n--><br \/>\n<\/body><\/p>\n","protected":false},"excerpt":{"rendered":"<p>Villa Altagracia R.D 18 septiembre.- La Presidencia de la Rep\u00fablica representado por el Viceministro Administrativo, Alexis Lantigua y el Diputado Manuel D\u00edaz, realizaron la entrega de autobuses a estudiantes de las comunidades El Hormigo, La Cuchilla y la comunidad de Medina. El diputado Manuel D\u00edaz, inform\u00f3 que la donaci\u00f3n de estas guaguas es el cumplimiento [&hellip;]<\/p>\n","protected":false},"author":3,"featured_media":0,"comment_status":"open","ping_status":"open","sticky":false,"template":"","format":"standard","meta":{"footnotes":""},"categories":[22],"tags":[],"class_list":["post-162105","post","type-post","status-publish","format-standard","hentry","category-politica"],"_links":{"self":[{"href":"https:\/\/diariodominicano.com\/index.php?rest_route=\/wp\/v2\/posts\/162105","targetHints":{"allow":["GET"]}}],"collection":[{"href":"https:\/\/diariodominicano.com\/index.php?rest_route=\/wp\/v2\/posts"}],"about":[{"href":"https:\/\/diariodominicano.com\/index.php?rest_route=\/wp\/v2\/types\/post"}],"author":[{"embeddable":true,"href":"https:\/\/diariodominicano.com\/index.php?rest_route=\/wp\/v2\/users\/3"}],"replies":[{"embeddable":true,"href":"https:\/\/diariodominicano.com\/index.php?rest_route=%2Fwp%2Fv2%2Fcomments&post=162105"}],"version-history":[{"count":0,"href":"https:\/\/diariodominicano.com\/index.php?rest_route=\/wp\/v2\/posts\/162105\/revisions"}],"wp:attachment":[{"href":"https:\/\/diariodominicano.com\/index.php?rest_route=%2Fwp%2Fv2%2Fmedia&parent=162105"}],"wp:term":[{"taxonomy":"category","embeddable":true,"href":"https:\/\/diariodominicano.com\/index.php?rest_route=%2Fwp%2Fv2%2Fcategories&post=162105"},{"taxonomy":"post_tag","embeddable":true,"href":"https:\/\/diariodominicano.com\/index.php?rest_route=%2Fwp%2Fv2%2Ftags&post=162105"}],"curies":[{"name":"wp","href":"https:\/\/api.w.org\/{rel}","templated":true}]}}