{"id":162104,"date":"2014-09-18T18:17:47","date_gmt":"2014-09-18T18:17:47","guid":{"rendered":"http:\/\/diariodominicano.ddns.net\/?p=162104"},"modified":"2014-09-18T18:17:47","modified_gmt":"2014-09-18T18:17:47","slug":"fuerza-boschista-reconoce-a-ramon-andres-blanco-fernandez-y-a-embajador-bandrich-vega","status":"publish","type":"post","link":"https:\/\/diariodominicano.com\/?p=162104","title":{"rendered":"&#13;&#13;Fuerza Boschista reconoce a Ram\u00f3n Andr\u00e9s Blanco Fern\u00e1ndez y a Embajador Bandrich Vega"},"content":{"rendered":"<p><body><\/p>\n<p><img decoding=\"async\" src=\"img3\/luishabla.jpg\" \/><br \/><img decoding=\"async\" src=\"img3\/blanlcofetrnandez.jpg\" \/>  <\/p>\n<\/p>\n<p><span class=\"text1noticias\"> <\/span><\/p>\n<p><span class=\"text1noticias\">Santo Domingo, RD, 18 de septiembre.- La Fuerza Boschista del Partido de la Liberaci\u00f3n Dominicana  tribut\u00f3 un  reconocimiento  al miembro fundador de esa organizaci\u00f3n  Ram\u00f3n Andr\u00e9s Blanco Fern\u00e1ndez con un  acto realizado en la Casa Nacional pelede\u00edsta, en el que tambi\u00e9n fue reconocido el saliente embajador cubano en el pa\u00eds Alexis Bandrich Vega.<\/span><\/p>\n<p><span class=\"text1noticias\"> <\/span><\/p>\n<p><span class=\"text1noticias\">El coordinador de la Fuerza Boschista, Lu\u00eds de Le\u00f3n, miembro del Comit\u00e9 Central del PLD ,  ponder\u00f3 la trayectoria pol\u00edtica  de Blanco Fern\u00e1ndez tanto en el PRD como en el PLD y el movimiento 14 de junio desde donde combati\u00f3 la dictadura de Trujillo.<\/span><\/p>\n<p><span class=\"text1noticias\"> <\/span><\/p>\n<p><span class=\"text1noticias\">Al referirse al embajador  Bandrich Vega  de Le\u00f3n dijo que ha contribuido de manera vertical al fortalecimiento de la unidad y la integraci\u00f3n de dos pueblos hermanos que constituyen un ejemplo de valent\u00eda en el Caribe.<\/span><\/p>\n<p><span class=\"text1noticias\"> <\/span><\/p>\n<p><span class=\"text1noticias\">Explic\u00f3 que seleccion\u00f3 el mes de septiembre para estos reconocimientos porque en \u00e9l se produjeron dos acontecimientos hist\u00f3ricos como lo fueron el golpe de Estado contra el doctor Salvador Allende el d\u00eda 11 de ese mes en 1973 y el derrocamiento del profesor Juan Bosch un 25 de septiembre de 1963.<\/span><\/p>\n<p><span class=\"text1noticias\"> <\/span><\/p>\n<p><span class=\"text1noticias\">Al pronunciar las palabras de agradecimientos  Ram\u00f3n Andr\u00e9s Blanco Fern\u00e1ndez exhort\u00f3 a todos los pelede\u00edstas a trabajar arduamente junto al Partido de la Liberaci\u00f3n Dominicana para elevar las condiciones de vida de todos los dominicanos y dominicanas.<\/span><\/p>\n<p><span class=\"text1noticias\"> <\/span><\/p>\n<p><span class=\"text1noticias\">\u00abRecuerdo las palabras del profesor Juan Bosch cuando dijo en el Congreso Constitutivo Juan Pablo Duarte que este Partido se fundaba para completar la obra inconclusa de Juan Pablo Duarte y en ese momento  me brotaron las l\u00e1grimas\u00bb, expres\u00f3 muy emocionado.<\/span><\/p>\n<p><span class=\"text1noticias\"> <\/span><\/p>\n<p><span class=\"text1noticias\">Por su lado, el Embajador cubano destac\u00f3 los lazos hist\u00f3ricos y culturales que unen a los pueblos cubanos y dominicanos y agradeci\u00f3 el respaldo dado a su gesti\u00f3n durante los cuatro a\u00f1os que permaneci\u00f3 en su cargo.<\/span><\/p>\n<p><span class=\"text1noticias\"> <\/span><\/p>\n<p><span class=\"text1noticias\">En el acto estuvieron presentes familiares, amigos y compa\u00f1eros de trabajo de los homenajeados, as\u00ed como dirigentes del PLD y el presidente de la C\u00e1tedra Extracurricular Profesor Juan Bosch de la Universidad Aut\u00f3noma de Santo Domingo, Jorge Santana<\/span><\/p>\n<\/p>\n<h6> 2014-09-18 18:17:47 <\/h6>\n<p><!--\n<link rel=\"stylesheet\" href=\"css\/bootstrap.min.css\">\n\n\n<ul class=\"pagination\">\n\t    \n\t\n\n<li >\n\t<a href='?page_no=14542'>Previous<\/a>\n\t<\/li>\n\n\n       \n    \n\n<li><a href='?page_no=1'>1<\/a><\/li>\n\n\n\n<li><a href='?page_no=2'>2<\/a><\/li>\n\n\n\n<li><a>...<\/a><\/li>\n\n\n\n<li><a href='?page_no=14541'>14541<\/a><\/li>\n\n\n\n<li><a href='?page_no=14542'>14542<\/a><\/li>\n\n\n\n<li class='active'><a>14543<\/a><\/li>\n\n\n\n<li><a href='?page_no=14544'>14544<\/a><\/li>\n\n\n\n<li><a href='?page_no=14545'>14545<\/a><\/li>\n\n\n\n<li><a>...<\/a><\/li>\n\n\n\n<li><a href='?page_no=36999'>36999<\/a><\/li>\n\n\n\n<li><a href='?page_no=37000'>37000<\/a><\/li>\n\n    \n\t\n\n<li >\n\t<a href='?page_no=14544'>Next<\/a>\n\t<\/li>\n\n\n    \n\n<li><a href='?page_no=37000'>Last &rsaquo;&rsaquo;<\/a><\/li>\n\n<\/ul>\n\n\n--><br \/>\n<\/body><\/p>\n","protected":false},"excerpt":{"rendered":"<p>Santo Domingo, RD, 18 de septiembre.- La Fuerza Boschista del Partido de la Liberaci\u00f3n Dominicana tribut\u00f3 un reconocimiento al miembro fundador de esa organizaci\u00f3n Ram\u00f3n Andr\u00e9s Blanco Fern\u00e1ndez con un acto realizado en la Casa Nacional pelede\u00edsta, en el que tambi\u00e9n fue reconocido el saliente embajador cubano en el pa\u00eds Alexis Bandrich Vega. El coordinador [&hellip;]<\/p>\n","protected":false},"author":3,"featured_media":0,"comment_status":"open","ping_status":"open","sticky":false,"template":"","format":"standard","meta":{"footnotes":""},"categories":[22],"tags":[],"class_list":["post-162104","post","type-post","status-publish","format-standard","hentry","category-politica"],"_links":{"self":[{"href":"https:\/\/diariodominicano.com\/index.php?rest_route=\/wp\/v2\/posts\/162104","targetHints":{"allow":["GET"]}}],"collection":[{"href":"https:\/\/diariodominicano.com\/index.php?rest_route=\/wp\/v2\/posts"}],"about":[{"href":"https:\/\/diariodominicano.com\/index.php?rest_route=\/wp\/v2\/types\/post"}],"author":[{"embeddable":true,"href":"https:\/\/diariodominicano.com\/index.php?rest_route=\/wp\/v2\/users\/3"}],"replies":[{"embeddable":true,"href":"https:\/\/diariodominicano.com\/index.php?rest_route=%2Fwp%2Fv2%2Fcomments&post=162104"}],"version-history":[{"count":0,"href":"https:\/\/diariodominicano.com\/index.php?rest_route=\/wp\/v2\/posts\/162104\/revisions"}],"wp:attachment":[{"href":"https:\/\/diariodominicano.com\/index.php?rest_route=%2Fwp%2Fv2%2Fmedia&parent=162104"}],"wp:term":[{"taxonomy":"category","embeddable":true,"href":"https:\/\/diariodominicano.com\/index.php?rest_route=%2Fwp%2Fv2%2Fcategories&post=162104"},{"taxonomy":"post_tag","embeddable":true,"href":"https:\/\/diariodominicano.com\/index.php?rest_route=%2Fwp%2Fv2%2Ftags&post=162104"}],"curies":[{"name":"wp","href":"https:\/\/api.w.org\/{rel}","templated":true}]}}