{"id":162103,"date":"2014-09-18T18:26:52","date_gmt":"2014-09-18T18:26:52","guid":{"rendered":"http:\/\/diariodominicano.ddns.net\/?p=162103"},"modified":"2014-09-18T18:26:52","modified_gmt":"2014-09-18T18:26:52","slug":"francisco-javier-garcia-accionara-este-domingo-en-santiago-donde-juramentara-decenas-de-profesores-que-se-suman-a-su-proyecto","status":"publish","type":"post","link":"https:\/\/diariodominicano.com\/?p=162103","title":{"rendered":"&#13;&#13;Francisco Javier Garc\u00eda accionar\u00e1 este domingo en Santiago donde juramentar\u00e1 decenas de profesores que se suman a su proyecto"},"content":{"rendered":"<p><body><\/p>\n<\/p>\n<\/p>\n<p><span class=\"text1noticias\">Santo Domingo, RD, 18 de septiembre.- El precandidato presidencial del Partido de la Liberaci\u00f3n Dominicana (PLD) Francisco Javier Garc\u00eda, viajar\u00e1 este domingo a la provincia de Santiago donde, en horas de la ma\u00f1ana (11:00 a.m.) lanzar\u00e1 la primera bola en un torneo de pelota en el municipio de Tamboril, el mismo ha sido invitado por empresarios y personalidades de la zona.<\/span><\/p>\n<\/p>\n<p><span class=\"text1noticias\">A las 3:00 de la tarde est\u00e1 pautada una reuni\u00f3n con el equipo provincial ampliado, mientras que para las 5:00 de la tarde acudir\u00e1 al club de Monte Rico donde juramentar\u00e1 cientos de profesores que se sumaran a su proyecto presidencial.<\/span><\/p>\n<\/p>\n<p><span class=\"text1noticias\">La informaci\u00f3n la suministro Carlos Reyes, Coordinador del equipo de campa\u00f1a del proyecto Francisco Javier Presidente, en reuni\u00f3n sostenida con el equipo de coordinaci\u00f3n.<\/span><\/p>\n<\/p>\n<p><span class=\"text1noticias\">En la misma sostuvo que Francisco Javier es el candidato a vencer ya que cuenta con la tasa m\u00e1s baja de rechazo, a la vez que el cumulo de cualidades que le hacen atractivo para los votantes internos en el PLD.<\/span><\/p>\n<\/p>\n<p><span class=\"text1noticias\">Dijo que Francisco Javier es un triunfador, no solo porque haya ganado cinco campa\u00f1as electorales y dos campa\u00f1as internas, sino porque ha sido exitoso en todos los cargos p\u00fablicos y privados que ha desempe\u00f1ado y adem\u00e1s, nunca ha sido cuestionado en su integridad.<\/span><\/p>\n<h6> 2014-09-18 18:26:52 <\/h6>\n<p><!--\n<link rel=\"stylesheet\" href=\"css\/bootstrap.min.css\">\n\n\n<ul class=\"pagination\">\n\t    \n\t\n\n<li >\n\t<a href='?page_no=14541'>Previous<\/a>\n\t<\/li>\n\n\n       \n    \n\n<li><a href='?page_no=1'>1<\/a><\/li>\n\n\n\n<li><a href='?page_no=2'>2<\/a><\/li>\n\n\n\n<li><a>...<\/a><\/li>\n\n\n\n<li><a href='?page_no=14540'>14540<\/a><\/li>\n\n\n\n<li><a href='?page_no=14541'>14541<\/a><\/li>\n\n\n\n<li class='active'><a>14542<\/a><\/li>\n\n\n\n<li><a href='?page_no=14543'>14543<\/a><\/li>\n\n\n\n<li><a href='?page_no=14544'>14544<\/a><\/li>\n\n\n\n<li><a>...<\/a><\/li>\n\n\n\n<li><a href='?page_no=36999'>36999<\/a><\/li>\n\n\n\n<li><a href='?page_no=37000'>37000<\/a><\/li>\n\n    \n\t\n\n<li >\n\t<a href='?page_no=14543'>Next<\/a>\n\t<\/li>\n\n\n    \n\n<li><a href='?page_no=37000'>Last &rsaquo;&rsaquo;<\/a><\/li>\n\n<\/ul>\n\n\n--><br \/>\n<\/body><\/p>\n","protected":false},"excerpt":{"rendered":"<p>Santo Domingo, RD, 18 de septiembre.- El precandidato presidencial del Partido de la Liberaci\u00f3n Dominicana (PLD) Francisco Javier Garc\u00eda, viajar\u00e1 este domingo a la provincia de Santiago donde, en horas de la ma\u00f1ana (11:00 a.m.) lanzar\u00e1 la primera bola en un torneo de pelota en el municipio de Tamboril, el mismo ha sido invitado por [&hellip;]<\/p>\n","protected":false},"author":3,"featured_media":0,"comment_status":"open","ping_status":"open","sticky":false,"template":"","format":"standard","meta":{"footnotes":""},"categories":[22],"tags":[],"class_list":["post-162103","post","type-post","status-publish","format-standard","hentry","category-politica"],"_links":{"self":[{"href":"https:\/\/diariodominicano.com\/index.php?rest_route=\/wp\/v2\/posts\/162103","targetHints":{"allow":["GET"]}}],"collection":[{"href":"https:\/\/diariodominicano.com\/index.php?rest_route=\/wp\/v2\/posts"}],"about":[{"href":"https:\/\/diariodominicano.com\/index.php?rest_route=\/wp\/v2\/types\/post"}],"author":[{"embeddable":true,"href":"https:\/\/diariodominicano.com\/index.php?rest_route=\/wp\/v2\/users\/3"}],"replies":[{"embeddable":true,"href":"https:\/\/diariodominicano.com\/index.php?rest_route=%2Fwp%2Fv2%2Fcomments&post=162103"}],"version-history":[{"count":0,"href":"https:\/\/diariodominicano.com\/index.php?rest_route=\/wp\/v2\/posts\/162103\/revisions"}],"wp:attachment":[{"href":"https:\/\/diariodominicano.com\/index.php?rest_route=%2Fwp%2Fv2%2Fmedia&parent=162103"}],"wp:term":[{"taxonomy":"category","embeddable":true,"href":"https:\/\/diariodominicano.com\/index.php?rest_route=%2Fwp%2Fv2%2Fcategories&post=162103"},{"taxonomy":"post_tag","embeddable":true,"href":"https:\/\/diariodominicano.com\/index.php?rest_route=%2Fwp%2Fv2%2Ftags&post=162103"}],"curies":[{"name":"wp","href":"https:\/\/api.w.org\/{rel}","templated":true}]}}