{"id":162102,"date":"2014-09-18T20:56:19","date_gmt":"2014-09-18T20:56:19","guid":{"rendered":"http:\/\/diariodominicano.ddns.net\/?p=162102"},"modified":"2014-09-18T20:56:19","modified_gmt":"2014-09-18T20:56:19","slug":"ex-presidente-leonel-fernandez-agota-agenda-en-viena","status":"publish","type":"post","link":"https:\/\/diariodominicano.com\/?p=162102","title":{"rendered":"Ex presidente Leonel  Fern\u00e1ndez agota agenda en Viena"},"content":{"rendered":"<p><body><\/p>\n<p><img decoding=\"async\" src=\"img3\/leonel.jpeg\" \/><br \/><img decoding=\"async\" src=\"img3\/fernandez.jpeg\" \/><br \/><img decoding=\"async\" src=\"img3\/reconociento.jpeg\" \/>  <\/p>\n<p><span class=\"text1noticias\">VIENA Austria, 18 de Septiembre.-El ex presidente de la Rep\u00fablica Dominicana y presidente de la Fundaci\u00f3n Global Democracia y Desarrollo (Funglode), doctor Leonel Fern\u00e1ndez, se reuni\u00f3 este jueves con el director del Fondo OPEP para el Desarrollo Internacional (OFID), Suleiman Jasir Al-Herbish, con quien convers\u00f3 sobre las perspectivas de cooperaci\u00f3n de ese organismo y los programas que desarrolla en el pa\u00eds caribe\u00f1o y otras naciones.<\/span><\/p>\n<\/p>\n<p><span class=\"text1noticias\">Fern\u00e1ndez, quien ha gobernado la Rep\u00fablica dominicana en tres ocasiones, destac\u00f3 las oportunidades que ofrece el OFID, no solo para el sector p\u00fablico, sino tambi\u00e9n para el privado. El OFID act\u00faa en la Rep\u00fablica Dominicana desde 1977, con una inversi\u00f3n total cercana a los 180 millones de d\u00f3lares.<\/span><\/p>\n<\/p>\n<p><span class=\"text1noticias\">En el encuentro entre Fern\u00e1ndez y Jasir Al-Herbish tambi\u00e9n participaron ejecutivos y expertos del equipo de cooperaci\u00f3n para Am\u00e9rica Latina en el organismo dependiente de la Organizaci\u00f3n de Pa\u00edses Exportadores de Petr\u00f3leo (OPEP), tambi\u00e9n los embajadores dominicanos, Ram\u00f3n Qui\u00f1ones y Roxanna de los Santos.<\/span><\/p>\n<\/p>\n<p><span class=\"text1noticias\">Al finalizar este encuentro, Fern\u00e1ndez, al ser preguntado por periodistas sobre los desaf\u00edos del sistema el\u00e9ctrico de la Rep\u00fablica Dominicana, el ex presidente destac\u00f3 los avances alcanzados a la fecha en ese sector y se mostr\u00f3 optimista ante las perspectivas que tiene el pa\u00eds para solucionar su d\u00e9ficit el\u00e9ctrico, el cual defini\u00f3 como \u00abuna debilidad para su desarrollo econ\u00f3mico y social.\u00bb<\/span><\/p>\n<\/p>\n<p><span class=\"text1noticias\">Fern\u00e1ndez, quien adem\u00e1s es presidente del Partido de la Liberaci\u00f3n Dominicana (PLD), est\u00e1 en Viena por invitaci\u00f3n de un congreso internacional de historiadores que analiza esta semana el impacto sobre Am\u00e9rica del llamado \u00abCongreso de Viena\u00bb.<\/span><\/p>\n<\/p>\n<p><strong><span class=\"text1noticias\">Dicta conferencia inaugural en encuentro de historiadores<\/span><\/strong><\/p>\n<\/p>\n<p><span class=\"text1noticias\">El ex presidente  Fern\u00e1ndez inaugur\u00f3 el jueves  una conferencia internacional de historiadores sobre el legado del Congreso de Viena, que arranc\u00f3 hace 200 a\u00f1os y que ha marcado el mapa geopol\u00edtico de Europa y del mundo hasta la actualidad.<\/span><\/p>\n<\/p>\n<p><span class=\"text1noticias\">En su conferencia, titulada \u00abEl Congreso de Viena y su impacto en el mundo de hoy\u00bb, el ex gobernante dominicano record\u00f3 que en el Tratado de Paris de 1814, que precedi\u00f3 al Congreso de Viena, Francia se vio precisada a devolverle a Espa\u00f1a la parte oriental de la isla de Santo Domingo, que hab\u00eda sido adquirida por los franceses en 1795, mediante el Tratado de Basilea.<\/span><\/p>\n<\/p>\n<p><span class=\"text1noticias\">A ese respecto, cabe recordar que en 1808, a trav\u00e9s de la llamada \u00abGuerra de Reconquista\u00bb, los habitantes de la parte oriental de Santo Domingo, liderado por Juan S\u00e1nchez Ram\u00edrez, hab\u00edan decidido expulsar a los franceses y colocarse nuevamente bajo la bandera espa\u00f1ola, como hab\u00eda sucedido hasta la firma del Tratado de Basilea. Esa decisi\u00f3n fue oficializada en 1814, en virtud del Tratado de Par\u00eds, al que se refiri\u00f3 el ex presidente Fern\u00e1ndez.<\/span><\/p>\n<\/p>\n<p><span class=\"text1noticias\">\u00abHace exactamente 200 a\u00f1os que en esta bella ciudad, al pie de los Alpes y cruzada por el r\u00edo Danubio, se dieron cita, adem\u00e1s de los representantes de las Grandes Potencias de la \u00e9poca, delegados de distintos reinos, principados, ducados y otras demarcaciones\u00bb, rememor\u00f3 el ex presidente Fern\u00e1ndez.<\/span><\/p>\n<\/p>\n<p><span class=\"text1noticias\">M\u00e1s de 200 expertos de todo el mundo se re\u00fanen esta semana en la capital austr\u00edaca para analizar las perspectivas globales de la creaci\u00f3n de nuevos Estados en Am\u00e9rica y Europa, y del final de las guerras napole\u00f3nicas y de la esclavitud.<\/span><\/p>\n<\/p>\n<p><span class=\"text1noticias\">Este viernes el ex gobernante dominicano tendr\u00e1 una audiencia privada con el Presidente Federal de Austria, Heinz Fischer.(HG)<\/span>.<\/p>\n<h6> 2014-09-18 20:56:19 <\/h6>\n<p><!--\n<link rel=\"stylesheet\" href=\"css\/bootstrap.min.css\">\n\n\n<ul class=\"pagination\">\n\t    \n\t\n\n<li >\n\t<a href='?page_no=14540'>Previous<\/a>\n\t<\/li>\n\n\n       \n    \n\n<li><a href='?page_no=1'>1<\/a><\/li>\n\n\n\n<li><a href='?page_no=2'>2<\/a><\/li>\n\n\n\n<li><a>...<\/a><\/li>\n\n\n\n<li><a href='?page_no=14539'>14539<\/a><\/li>\n\n\n\n<li><a href='?page_no=14540'>14540<\/a><\/li>\n\n\n\n<li class='active'><a>14541<\/a><\/li>\n\n\n\n<li><a href='?page_no=14542'>14542<\/a><\/li>\n\n\n\n<li><a href='?page_no=14543'>14543<\/a><\/li>\n\n\n\n<li><a>...<\/a><\/li>\n\n\n\n<li><a href='?page_no=36999'>36999<\/a><\/li>\n\n\n\n<li><a href='?page_no=37000'>37000<\/a><\/li>\n\n    \n\t\n\n<li >\n\t<a href='?page_no=14542'>Next<\/a>\n\t<\/li>\n\n\n    \n\n<li><a href='?page_no=37000'>Last &rsaquo;&rsaquo;<\/a><\/li>\n\n<\/ul>\n\n\n--><br \/>\n<\/body><\/p>\n","protected":false},"excerpt":{"rendered":"<p>VIENA Austria, 18 de Septiembre.-El ex presidente de la Rep\u00fablica Dominicana y presidente de la Fundaci\u00f3n Global Democracia y Desarrollo (Funglode), doctor Leonel Fern\u00e1ndez, se reuni\u00f3 este jueves con el director del Fondo OPEP para el Desarrollo Internacional (OFID), Suleiman Jasir Al-Herbish, con quien convers\u00f3 sobre las perspectivas de cooperaci\u00f3n de ese organismo y los [&hellip;]<\/p>\n","protected":false},"author":3,"featured_media":0,"comment_status":"open","ping_status":"open","sticky":false,"template":"","format":"standard","meta":{"footnotes":""},"categories":[22],"tags":[],"class_list":["post-162102","post","type-post","status-publish","format-standard","hentry","category-politica"],"_links":{"self":[{"href":"https:\/\/diariodominicano.com\/index.php?rest_route=\/wp\/v2\/posts\/162102","targetHints":{"allow":["GET"]}}],"collection":[{"href":"https:\/\/diariodominicano.com\/index.php?rest_route=\/wp\/v2\/posts"}],"about":[{"href":"https:\/\/diariodominicano.com\/index.php?rest_route=\/wp\/v2\/types\/post"}],"author":[{"embeddable":true,"href":"https:\/\/diariodominicano.com\/index.php?rest_route=\/wp\/v2\/users\/3"}],"replies":[{"embeddable":true,"href":"https:\/\/diariodominicano.com\/index.php?rest_route=%2Fwp%2Fv2%2Fcomments&post=162102"}],"version-history":[{"count":0,"href":"https:\/\/diariodominicano.com\/index.php?rest_route=\/wp\/v2\/posts\/162102\/revisions"}],"wp:attachment":[{"href":"https:\/\/diariodominicano.com\/index.php?rest_route=%2Fwp%2Fv2%2Fmedia&parent=162102"}],"wp:term":[{"taxonomy":"category","embeddable":true,"href":"https:\/\/diariodominicano.com\/index.php?rest_route=%2Fwp%2Fv2%2Fcategories&post=162102"},{"taxonomy":"post_tag","embeddable":true,"href":"https:\/\/diariodominicano.com\/index.php?rest_route=%2Fwp%2Fv2%2Ftags&post=162102"}],"curies":[{"name":"wp","href":"https:\/\/api.w.org\/{rel}","templated":true}]}}