{"id":162101,"date":"2014-09-19T00:21:53","date_gmt":"2014-09-19T00:21:53","guid":{"rendered":"http:\/\/diariodominicano.ddns.net\/?p=162101"},"modified":"2014-09-19T00:21:53","modified_gmt":"2014-09-19T00:21:53","slug":"reinaldo-pared-perez-niega-ley-partidos-sea-retroceso","status":"publish","type":"post","link":"https:\/\/diariodominicano.com\/?p=162101","title":{"rendered":"Reinaldo Pared P\u00e9rez niega Ley Partidos sea retroceso"},"content":{"rendered":"<p><body><\/p>\n<p><img decoding=\"async\" src=\"img3\/reina1800.jpg\" \/>  <\/p>\n<\/p>\n<p><span class=\"text1noticias\">SANTO DOMINGO,  RD, 17 de Septiembre de 2014.-\u00abNo es verdad que la propuesta presentada por el partido de la Liberaci\u00f3n Dominicana al Congreso represente un retroceso, aclar\u00f3 el senador por el Distrito Nacional, Reinaldo Pared P\u00e9rez.<\/span><\/p>\n<\/p>\n<p><span class=\"text1noticias\">Dijo que creci\u00f3 pol\u00edticamente  en las practicas electorales, \u00aby no es verdad que las modificaciones presentadas implica un retroceso lo que pasa es que aqu\u00ed hay instituciones que lo que quieren es irse m\u00e1s all\u00e1 de su accionar  e inmiscuirse en las actividades de los partidos pol\u00edticos\u00bb.<\/span><\/p>\n<p><span class=\"text1noticias\"> <\/span><\/p>\n<p><span class=\"text1noticias\">El  tambi\u00e9n secretario general del Partido de la Liberaci\u00f3n Dominicana, al t\u00e9rmino de la sesi\u00f3n del pleno del Senado, dijo  que el PLD fij\u00f3 una posici\u00f3n sobre la Ley de Partidos Pol\u00edticos a la cual tiene derecho.<\/span><\/p>\n<p><span class=\"text1noticias\">El representante por el Distrito Nacional tambi\u00e9n desminti\u00f3 que la propuesta del PLD, limite el accionar de las mujeres en t\u00e9rminos electoral.<\/span><\/p>\n<p><span class=\"text1noticias\">\u00abQuienes proponen  candidatura a la Junta Central Electoral son los partidos pol\u00edticos, porque es muy bueno que luego que te saquen como candidato te vayas  con el cargo, eso es lo que hemos procurado\u00bb, aclar\u00f3 Pared P\u00e9rez.<\/span><\/p>\n<p><span class=\"text1noticias\">Explic\u00f3 que  la Ley electoral actual establece toda una reglamentaci\u00f3n procedimental de c\u00f3mo se deben presentar las propuestas de candidaturas, y tambi\u00e9n establece un mecanismo de cuando una persona quiere agenciarse una candidatura sino quiere presentarse a trav\u00e9s de un partido pol\u00edtico.<\/span><\/p>\n<p><span class=\"text1noticias\">\u00abPero yo entiendo que cuando un partido presenta una candidatura es  de ese partido, y  si esa candidatura sale es del partido pol\u00edtico que la postulo\u00bb.<\/span><\/p>\n<p><span class=\"text1noticias\">El Senador Reinaldo Pared P\u00e9rez dijo esperar que el Proyecto de Partidos Pol\u00edticos sea aprobado en esta legislatura.<\/span><\/p>\n<p><span class=\"text1noticias\"> <\/span><\/p>\n<p><span class=\"text1noticias\">En otro sentido, dijo no comparte los debates entre senadores que manifiestan p\u00fablicamente sus diferencias.  Las diferencias internas se debaten a lo interno del partido, reiter\u00f3.<\/span><\/p>\n<\/p>\n<p><span class=\"text1noticias\">Sobre la muerte de la ex Primera Dama, do\u00f1a Ren\u00e9 Clang Viuda Guzm\u00e1n, la defini\u00f3 como una mujer ejemplar que las \u00absubsiguientes primeras damas han copiado de ella\u00bb.<\/span><\/p>\n<\/p>\n<\/p>\n<h6> 2014-09-19 00:21:53 <\/h6>\n<p><!--\n<link rel=\"stylesheet\" href=\"css\/bootstrap.min.css\">\n\n\n<ul class=\"pagination\">\n\t    \n\t\n\n<li >\n\t<a href='?page_no=14539'>Previous<\/a>\n\t<\/li>\n\n\n       \n    \n\n<li><a href='?page_no=1'>1<\/a><\/li>\n\n\n\n<li><a href='?page_no=2'>2<\/a><\/li>\n\n\n\n<li><a>...<\/a><\/li>\n\n\n\n<li><a href='?page_no=14538'>14538<\/a><\/li>\n\n\n\n<li><a href='?page_no=14539'>14539<\/a><\/li>\n\n\n\n<li class='active'><a>14540<\/a><\/li>\n\n\n\n<li><a href='?page_no=14541'>14541<\/a><\/li>\n\n\n\n<li><a href='?page_no=14542'>14542<\/a><\/li>\n\n\n\n<li><a>...<\/a><\/li>\n\n\n\n<li><a href='?page_no=36999'>36999<\/a><\/li>\n\n\n\n<li><a href='?page_no=37000'>37000<\/a><\/li>\n\n    \n\t\n\n<li >\n\t<a href='?page_no=14541'>Next<\/a>\n\t<\/li>\n\n\n    \n\n<li><a href='?page_no=37000'>Last &rsaquo;&rsaquo;<\/a><\/li>\n\n<\/ul>\n\n\n--><br \/>\n<\/body><\/p>\n","protected":false},"excerpt":{"rendered":"<p>SANTO DOMINGO, RD, 17 de Septiembre de 2014.-\u00abNo es verdad que la propuesta presentada por el partido de la Liberaci\u00f3n Dominicana al Congreso represente un retroceso, aclar\u00f3 el senador por el Distrito Nacional, Reinaldo Pared P\u00e9rez. Dijo que creci\u00f3 pol\u00edticamente en las practicas electorales, \u00aby no es verdad que las modificaciones presentadas implica un retroceso [&hellip;]<\/p>\n","protected":false},"author":3,"featured_media":0,"comment_status":"open","ping_status":"open","sticky":false,"template":"","format":"standard","meta":{"footnotes":""},"categories":[22],"tags":[],"class_list":["post-162101","post","type-post","status-publish","format-standard","hentry","category-politica"],"_links":{"self":[{"href":"https:\/\/diariodominicano.com\/index.php?rest_route=\/wp\/v2\/posts\/162101","targetHints":{"allow":["GET"]}}],"collection":[{"href":"https:\/\/diariodominicano.com\/index.php?rest_route=\/wp\/v2\/posts"}],"about":[{"href":"https:\/\/diariodominicano.com\/index.php?rest_route=\/wp\/v2\/types\/post"}],"author":[{"embeddable":true,"href":"https:\/\/diariodominicano.com\/index.php?rest_route=\/wp\/v2\/users\/3"}],"replies":[{"embeddable":true,"href":"https:\/\/diariodominicano.com\/index.php?rest_route=%2Fwp%2Fv2%2Fcomments&post=162101"}],"version-history":[{"count":0,"href":"https:\/\/diariodominicano.com\/index.php?rest_route=\/wp\/v2\/posts\/162101\/revisions"}],"wp:attachment":[{"href":"https:\/\/diariodominicano.com\/index.php?rest_route=%2Fwp%2Fv2%2Fmedia&parent=162101"}],"wp:term":[{"taxonomy":"category","embeddable":true,"href":"https:\/\/diariodominicano.com\/index.php?rest_route=%2Fwp%2Fv2%2Fcategories&post=162101"},{"taxonomy":"post_tag","embeddable":true,"href":"https:\/\/diariodominicano.com\/index.php?rest_route=%2Fwp%2Fv2%2Ftags&post=162101"}],"curies":[{"name":"wp","href":"https:\/\/api.w.org\/{rel}","templated":true}]}}