{"id":162099,"date":"2014-09-19T18:54:24","date_gmt":"2014-09-19T18:54:24","guid":{"rendered":"http:\/\/diariodominicano.ddns.net\/?p=162099"},"modified":"2014-09-19T18:54:24","modified_gmt":"2014-09-19T18:54:24","slug":"francisco-javier-continua-recorriendo-el-pais","status":"publish","type":"post","link":"https:\/\/diariodominicano.com\/?p=162099","title":{"rendered":"&#13;Francisco Javier contin\u00faa recorriendo el pa\u00eds"},"content":{"rendered":"<p><body><\/p>\n<\/p>\n<\/p>\n<p><span class=\"text1noticias\">Santo Domingo, RD, 19 de septiembre.- El precandidato presidencial del Partido de la Liberaci\u00f3n Dominicana, Francisco Javier, continuar\u00e1 este fin de semana su recorrido pol\u00edtico por las regiones nordeste y norte del pa\u00eds.<\/span><\/p>\n<\/p>\n<p><span class=\"text1noticias\">Francisco Javier, estar\u00e1 este s\u00e1bado en Nagua, municipio cabecera de la provincia Mar\u00eda Trinidad S\u00e1nchez, y recorrer\u00e1 los sectores Nueva Nagua, Payita, y el municipio El Factor.<\/span><\/p>\n<\/p>\n<p><span class=\"text1noticias\">Mientras que el domingo, Francisco Javier, visitar\u00e1 el municipio de Tamboril, provincia Santiago, donde ser\u00e1 homenajeado en el Play municipal.<\/span><\/p>\n<\/p>\n<p><span class=\"text1noticias\">En Santiago de los Caballeros, municipio cabecera de la provincia Santiago, Francisco Javier, sostendr\u00e1 una reuni\u00f3n con su equipo pol\u00edtico, en el Hotel Mat\u00fan, y posteriormente juramentar\u00e1 varios movimientos de apoyo a su precandidatura presidencial, en el Club Monte Rico, de Cienfuegos.<\/span><\/p>\n<\/p>\n<p><span class=\"text1noticias\">Durante su recorrido por las regiones Nordeste y Norte del pa\u00eds, Francisco Javier, sostendr\u00e1 encuentros con productores agr\u00edcolas, recorrer\u00e1 barrios y ciudades, y juramentar\u00e1 movimientos de apoyo.<\/span><\/p>\n<h6> 2014-09-19 18:54:24 <\/h6>\n<p><!--\n<link rel=\"stylesheet\" href=\"css\/bootstrap.min.css\">\n\n\n<ul class=\"pagination\">\n\t    \n\t\n\n<li >\n\t<a href='?page_no=14538'>Previous<\/a>\n\t<\/li>\n\n\n       \n    \n\n<li><a href='?page_no=1'>1<\/a><\/li>\n\n\n\n<li><a href='?page_no=2'>2<\/a><\/li>\n\n\n\n<li><a>...<\/a><\/li>\n\n\n\n<li><a href='?page_no=14537'>14537<\/a><\/li>\n\n\n\n<li><a href='?page_no=14538'>14538<\/a><\/li>\n\n\n\n<li class='active'><a>14539<\/a><\/li>\n\n\n\n<li><a href='?page_no=14540'>14540<\/a><\/li>\n\n\n\n<li><a href='?page_no=14541'>14541<\/a><\/li>\n\n\n\n<li><a>...<\/a><\/li>\n\n\n\n<li><a href='?page_no=36999'>36999<\/a><\/li>\n\n\n\n<li><a href='?page_no=37000'>37000<\/a><\/li>\n\n    \n\t\n\n<li >\n\t<a href='?page_no=14540'>Next<\/a>\n\t<\/li>\n\n\n    \n\n<li><a href='?page_no=37000'>Last &rsaquo;&rsaquo;<\/a><\/li>\n\n<\/ul>\n\n\n--><br \/>\n<\/body><\/p>\n","protected":false},"excerpt":{"rendered":"<p>Santo Domingo, RD, 19 de septiembre.- El precandidato presidencial del Partido de la Liberaci\u00f3n Dominicana, Francisco Javier, continuar\u00e1 este fin de semana su recorrido pol\u00edtico por las regiones nordeste y norte del pa\u00eds. Francisco Javier, estar\u00e1 este s\u00e1bado en Nagua, municipio cabecera de la provincia Mar\u00eda Trinidad S\u00e1nchez, y recorrer\u00e1 los sectores Nueva Nagua, Payita, [&hellip;]<\/p>\n","protected":false},"author":3,"featured_media":0,"comment_status":"open","ping_status":"open","sticky":false,"template":"","format":"standard","meta":{"footnotes":""},"categories":[22],"tags":[],"class_list":["post-162099","post","type-post","status-publish","format-standard","hentry","category-politica"],"_links":{"self":[{"href":"https:\/\/diariodominicano.com\/index.php?rest_route=\/wp\/v2\/posts\/162099","targetHints":{"allow":["GET"]}}],"collection":[{"href":"https:\/\/diariodominicano.com\/index.php?rest_route=\/wp\/v2\/posts"}],"about":[{"href":"https:\/\/diariodominicano.com\/index.php?rest_route=\/wp\/v2\/types\/post"}],"author":[{"embeddable":true,"href":"https:\/\/diariodominicano.com\/index.php?rest_route=\/wp\/v2\/users\/3"}],"replies":[{"embeddable":true,"href":"https:\/\/diariodominicano.com\/index.php?rest_route=%2Fwp%2Fv2%2Fcomments&post=162099"}],"version-history":[{"count":0,"href":"https:\/\/diariodominicano.com\/index.php?rest_route=\/wp\/v2\/posts\/162099\/revisions"}],"wp:attachment":[{"href":"https:\/\/diariodominicano.com\/index.php?rest_route=%2Fwp%2Fv2%2Fmedia&parent=162099"}],"wp:term":[{"taxonomy":"category","embeddable":true,"href":"https:\/\/diariodominicano.com\/index.php?rest_route=%2Fwp%2Fv2%2Fcategories&post=162099"},{"taxonomy":"post_tag","embeddable":true,"href":"https:\/\/diariodominicano.com\/index.php?rest_route=%2Fwp%2Fv2%2Ftags&post=162099"}],"curies":[{"name":"wp","href":"https:\/\/api.w.org\/{rel}","templated":true}]}}