{"id":162098,"date":"2014-09-19T19:35:11","date_gmt":"2014-09-19T19:35:11","guid":{"rendered":"http:\/\/diariodominicano.ddns.net\/?p=162098"},"modified":"2014-09-19T19:35:11","modified_gmt":"2014-09-19T19:35:11","slug":"rafael-alburquerque-al-defender-calidad-de-anteproyecto-llama-a-debatir-ideas-respetando-criterio-de-los-demas","status":"publish","type":"post","link":"https:\/\/diariodominicano.com\/?p=162098","title":{"rendered":"&#13;&#13;&#13;&#13;Rafael Alburquerque al defender calidad de anteproyecto,  llama a debatir ideas respetando criterio de los dem\u00e1s"},"content":{"rendered":"<p><body><\/p>\n<p><img decoding=\"async\" src=\"img3\/rafael.jpg\" \/>  <\/p>\n<\/p>\n<p>Santo Domingo, RD, 19 de septiembre.- \u00a8Debatiendo  ideas y conceptos con respeto al criterio de los dem\u00e1s es la mejor f\u00f3rmula para fortalecer la democracia de Rep\u00fablica Dominicana\u00a8.<\/p>\n<\/p>\n<p>Con esta expresi\u00f3n respondi\u00f3 Rafael Alburquerque, miembro del Comit\u00e9 Pol\u00edtico del Partido de la Liberaci\u00f3n Dominicana  y coordinador de la Comisi\u00f3n de este organismo que present\u00f3 a los congresistas peledeistas el anteproyecto de Ley de partidos y agrupaciones pol\u00edticas, las declaraciones de esta misma semana de la Fundaci\u00f3n Institucionalidad y Justicia (Finjus)<\/p>\n<\/p>\n<p>\u00abResulta inaceptable para el PLD que se busque pontificar sobre una ley que regir\u00e1 las organizaciones que son sustento de todo r\u00e9gimen democr\u00e1tico y que en una materia tan delicada se pretenda que tal o cual propuesta sea inconstitucional, regresiva o antidemocr\u00e1tica\u00bb precisa Alburquerque en unas declaraciones escrita divulgadas por la Secretar\u00eda de Comunicaciones del PLD<\/p>\n<\/p>\n<p>Se explica en el documento que el  anteproyecto de ley sobre Partidos Pol\u00edticos que el PLD present\u00f3 a su Bloque de Diputados,  fue elaborado sobre la base del proyecto presentado al Congreso Nacional por la Junta Central Electoral.<\/p>\n<\/p>\n<p>Se precisa que el Comit\u00e9 Pol\u00edtico del Partido de la Liberaci\u00f3n Dominicana  ha expresado su criterio, luego de amplias jornadas de discusiones y deliberaciones  y corresponder\u00e1 al Congreso Nacional votar la ley definitiva; en este orden de ideas.<\/p>\n<\/p>\n<p>\u00abLa propuesta del PLD podr\u00e1 ser enriquecida y hasta modificada por las sugerencias que aporten las otras organizaciones pol\u00edticas y de la sociedad civil en ocasi\u00f3n del estudio que lleva a cabo la Comisi\u00f3n designada por la C\u00e1mara de Diputados\u00bb explic\u00f3 el ex vicepresidente de la Rep\u00fablica<\/p>\n<\/p>\n<p>Alburquerque record\u00f3 que adem\u00e1s de presentarse al Congreso y entregar  el anteproyecto a las bancadas peledeistas,  el  PLD se reuni\u00f3 tambi\u00e9n  con los partidos aliados que integran el Bloque Progresista \u00aby recibi\u00f3 valiosas sugerencias que ya fueron comunicadas al Presidente de la C\u00e1mara de Diputados, compa\u00f1ero Abel Mart\u00ednez\u00bb<\/p>\n<\/p>\n<p>\u00abEl debate est\u00e1 abierto, y en una materia tan importante para la vida democr\u00e1tica del pa\u00eds a lo menos que nuestra organizaci\u00f3n pudiera aspirar es que el mismo se condujera con altura y que cada quien expusiera sus criterios sin zaherir ni descalificar las opiniones de los dem\u00e1s\u00bb precis\u00f3 Rafael Alburquerque.<\/p>\n<\/p>\n<p>Considera  inaceptable para el PLD que \u00abse busque pontificar sobre una ley que regir\u00e1 las organizaciones que son sustento de todo r\u00e9gimen democr\u00e1tico y que en una materia tan delicada se pretenda que tal o cual propuesta sea inconstitucional, regresiva o antidemocr\u00e1tica\u00bb<\/p>\n<\/p>\n<p>Aclara Alburquerque que el Partido de la Liberaci\u00f3n Dominicana   pudiera decir lo mismo ante las pretensiones de aquellos que intentan debilitar a los partidos pol\u00edticos, con lo cual prestan un flaco servicio a la democracia que no puede sostenerse sin partidos pol\u00edticos fuertes y vigorosos.<\/p>\n<\/p>\n<p>Hacemos un llamado a un debate de ideas con respeto al criterio de los dem\u00e1s, pues s\u00f3lo as\u00ed fortaleceremos a nuestra democracia, concluye las declaraciones.<\/p>\n<h6> 2014-09-19 19:35:11 <\/h6>\n<p><!--\n<link rel=\"stylesheet\" href=\"css\/bootstrap.min.css\">\n\n\n<ul class=\"pagination\">\n\t    \n\t\n\n<li >\n\t<a href='?page_no=14537'>Previous<\/a>\n\t<\/li>\n\n\n       \n    \n\n<li><a href='?page_no=1'>1<\/a><\/li>\n\n\n\n<li><a href='?page_no=2'>2<\/a><\/li>\n\n\n\n<li><a>...<\/a><\/li>\n\n\n\n<li><a href='?page_no=14536'>14536<\/a><\/li>\n\n\n\n<li><a href='?page_no=14537'>14537<\/a><\/li>\n\n\n\n<li class='active'><a>14538<\/a><\/li>\n\n\n\n<li><a href='?page_no=14539'>14539<\/a><\/li>\n\n\n\n<li><a href='?page_no=14540'>14540<\/a><\/li>\n\n\n\n<li><a>...<\/a><\/li>\n\n\n\n<li><a href='?page_no=36999'>36999<\/a><\/li>\n\n\n\n<li><a href='?page_no=37000'>37000<\/a><\/li>\n\n    \n\t\n\n<li >\n\t<a href='?page_no=14539'>Next<\/a>\n\t<\/li>\n\n\n    \n\n<li><a href='?page_no=37000'>Last &rsaquo;&rsaquo;<\/a><\/li>\n\n<\/ul>\n\n\n--><br \/>\n<\/body><\/p>\n","protected":false},"excerpt":{"rendered":"<p>Santo Domingo, RD, 19 de septiembre.- \u00a8Debatiendo ideas y conceptos con respeto al criterio de los dem\u00e1s es la mejor f\u00f3rmula para fortalecer la democracia de Rep\u00fablica Dominicana\u00a8. Con esta expresi\u00f3n respondi\u00f3 Rafael Alburquerque, miembro del Comit\u00e9 Pol\u00edtico del Partido de la Liberaci\u00f3n Dominicana y coordinador de la Comisi\u00f3n de este organismo que present\u00f3 a [&hellip;]<\/p>\n","protected":false},"author":3,"featured_media":0,"comment_status":"open","ping_status":"open","sticky":false,"template":"","format":"standard","meta":{"footnotes":""},"categories":[22],"tags":[],"class_list":["post-162098","post","type-post","status-publish","format-standard","hentry","category-politica"],"_links":{"self":[{"href":"https:\/\/diariodominicano.com\/index.php?rest_route=\/wp\/v2\/posts\/162098","targetHints":{"allow":["GET"]}}],"collection":[{"href":"https:\/\/diariodominicano.com\/index.php?rest_route=\/wp\/v2\/posts"}],"about":[{"href":"https:\/\/diariodominicano.com\/index.php?rest_route=\/wp\/v2\/types\/post"}],"author":[{"embeddable":true,"href":"https:\/\/diariodominicano.com\/index.php?rest_route=\/wp\/v2\/users\/3"}],"replies":[{"embeddable":true,"href":"https:\/\/diariodominicano.com\/index.php?rest_route=%2Fwp%2Fv2%2Fcomments&post=162098"}],"version-history":[{"count":0,"href":"https:\/\/diariodominicano.com\/index.php?rest_route=\/wp\/v2\/posts\/162098\/revisions"}],"wp:attachment":[{"href":"https:\/\/diariodominicano.com\/index.php?rest_route=%2Fwp%2Fv2%2Fmedia&parent=162098"}],"wp:term":[{"taxonomy":"category","embeddable":true,"href":"https:\/\/diariodominicano.com\/index.php?rest_route=%2Fwp%2Fv2%2Fcategories&post=162098"},{"taxonomy":"post_tag","embeddable":true,"href":"https:\/\/diariodominicano.com\/index.php?rest_route=%2Fwp%2Fv2%2Ftags&post=162098"}],"curies":[{"name":"wp","href":"https:\/\/api.w.org\/{rel}","templated":true}]}}