{"id":162097,"date":"2014-09-19T20:33:55","date_gmt":"2014-09-19T20:33:55","guid":{"rendered":"http:\/\/diariodominicano.ddns.net\/?p=162097"},"modified":"2014-09-19T20:33:55","modified_gmt":"2014-09-19T20:33:55","slug":"montas-hara-recorridos-este-fin-de-semana-en-pedernales-el-d-n-y-la-provincia-santo-domingo","status":"publish","type":"post","link":"https:\/\/diariodominicano.com\/?p=162097","title":{"rendered":"&#13;Mont\u00e1s har\u00e1 recorridos este fin de semana en Pedernales, el D.N y la provincia Santo Domingo"},"content":{"rendered":"<p><body><\/p>\n<p><img decoding=\"async\" src=\"img3\/temko.jpg\" \/>  <\/p>\n<\/p>\n<\/p>\n<p><span class=\"text1noticias\">      <\/span><\/p>\n<p><span class=\"text1noticias\">Santo Domingo, RD, 19 de septiembre.- El precandidato presidencial del Partido de la Liberaci\u00f3n Dominicana (PLD), ingeniero Tem\u00edstocles Mont\u00e1s, encabezar\u00e1 este fin de semana varios recorridos por comunidades del Sur profundo, el Distrito Nacional y la provincia Santo Domingo, inform\u00f3 este viernes el equipo de prensa de su proyecto presidencial.<\/span><\/p>\n<\/p>\n<p><span class=\"text1noticias\">Este s\u00e1bado 20 de septiembre Mont\u00e1s participar\u00e1 en varios encuentros con dirigentes y seguidores en la provincia de Pedernales que se inician a las 10:00 de la ma\u00f1ana y se extender\u00e1n hasta en horas de la tarde.<\/span><\/p>\n<\/p>\n<p><span class=\"text1noticias\">.En tanto que el domingo 21, el aspirante presidencial pelede\u00edsta estar\u00e1 en el Pedro Livio Cede\u00f1o casi esquina Duarte, en el ensanche Luper\u00f3n, a partir de las 10:30 de la ma\u00f1ana, en un encuentro con dirigentes de la Circunscripci\u00f3n n\u00famero 3 del Distrito Nacional.<\/span><\/p>\n<\/p>\n<p><span class=\"text1noticias\">Igualmente, a partir de las 5:00 de la tarde del mismo domingo Mont\u00e1s participar\u00e1 en un encuentro con dirigentes de la comunidad La Guayiga, perteneciente a Pedro Brand en la Autopista Duarte.<\/span><\/p>\n<\/p>\n<p><span class=\"text1noticias\">Mont\u00e1s aboga en su discurso por la alternabilidad del liderazgo en el ejercicio del poder.<\/span><\/p>\n<\/p>\n<p><span class=\"text1noticias\">El precandidato presidencial entiende que en un partido democr\u00e1tico como el PLD, fundado por profesor Juan Bosch, se impone fortalecer los nuevos liderazgos \u00abpara que nadie se sienta insustituible\u00bb.<\/span><\/p>\n<\/p>\n<p>.<\/p>\n<h6> 2014-09-19 20:33:55 <\/h6>\n<p><!--\n<link rel=\"stylesheet\" href=\"css\/bootstrap.min.css\">\n\n\n<ul class=\"pagination\">\n\t    \n\t\n\n<li >\n\t<a href='?page_no=14536'>Previous<\/a>\n\t<\/li>\n\n\n       \n    \n\n<li><a href='?page_no=1'>1<\/a><\/li>\n\n\n\n<li><a href='?page_no=2'>2<\/a><\/li>\n\n\n\n<li><a>...<\/a><\/li>\n\n\n\n<li><a href='?page_no=14535'>14535<\/a><\/li>\n\n\n\n<li><a href='?page_no=14536'>14536<\/a><\/li>\n\n\n\n<li class='active'><a>14537<\/a><\/li>\n\n\n\n<li><a href='?page_no=14538'>14538<\/a><\/li>\n\n\n\n<li><a href='?page_no=14539'>14539<\/a><\/li>\n\n\n\n<li><a>...<\/a><\/li>\n\n\n\n<li><a href='?page_no=36999'>36999<\/a><\/li>\n\n\n\n<li><a href='?page_no=37000'>37000<\/a><\/li>\n\n    \n\t\n\n<li >\n\t<a href='?page_no=14538'>Next<\/a>\n\t<\/li>\n\n\n    \n\n<li><a href='?page_no=37000'>Last &rsaquo;&rsaquo;<\/a><\/li>\n\n<\/ul>\n\n\n--><br \/>\n<\/body><\/p>\n","protected":false},"excerpt":{"rendered":"<p>Santo Domingo, RD, 19 de septiembre.- El precandidato presidencial del Partido de la Liberaci\u00f3n Dominicana (PLD), ingeniero Tem\u00edstocles Mont\u00e1s, encabezar\u00e1 este fin de semana varios recorridos por comunidades del Sur profundo, el Distrito Nacional y la provincia Santo Domingo, inform\u00f3 este viernes el equipo de prensa de su proyecto presidencial. Este s\u00e1bado 20 de septiembre [&hellip;]<\/p>\n","protected":false},"author":3,"featured_media":0,"comment_status":"open","ping_status":"open","sticky":false,"template":"","format":"standard","meta":{"footnotes":""},"categories":[22],"tags":[],"class_list":["post-162097","post","type-post","status-publish","format-standard","hentry","category-politica"],"_links":{"self":[{"href":"https:\/\/diariodominicano.com\/index.php?rest_route=\/wp\/v2\/posts\/162097","targetHints":{"allow":["GET"]}}],"collection":[{"href":"https:\/\/diariodominicano.com\/index.php?rest_route=\/wp\/v2\/posts"}],"about":[{"href":"https:\/\/diariodominicano.com\/index.php?rest_route=\/wp\/v2\/types\/post"}],"author":[{"embeddable":true,"href":"https:\/\/diariodominicano.com\/index.php?rest_route=\/wp\/v2\/users\/3"}],"replies":[{"embeddable":true,"href":"https:\/\/diariodominicano.com\/index.php?rest_route=%2Fwp%2Fv2%2Fcomments&post=162097"}],"version-history":[{"count":0,"href":"https:\/\/diariodominicano.com\/index.php?rest_route=\/wp\/v2\/posts\/162097\/revisions"}],"wp:attachment":[{"href":"https:\/\/diariodominicano.com\/index.php?rest_route=%2Fwp%2Fv2%2Fmedia&parent=162097"}],"wp:term":[{"taxonomy":"category","embeddable":true,"href":"https:\/\/diariodominicano.com\/index.php?rest_route=%2Fwp%2Fv2%2Fcategories&post=162097"},{"taxonomy":"post_tag","embeddable":true,"href":"https:\/\/diariodominicano.com\/index.php?rest_route=%2Fwp%2Fv2%2Ftags&post=162097"}],"curies":[{"name":"wp","href":"https:\/\/api.w.org\/{rel}","templated":true}]}}