{"id":162096,"date":"2014-09-19T21:56:41","date_gmt":"2014-09-19T21:56:41","guid":{"rendered":"http:\/\/diariodominicano.ddns.net\/?p=162096"},"modified":"2014-09-19T21:56:41","modified_gmt":"2014-09-19T21:56:41","slug":"mas-de-25-mil-jovenes-reformistas-se-han-formado-en-el-instituto-dr-joaquin-balaguer","status":"publish","type":"post","link":"https:\/\/diariodominicano.com\/?p=162096","title":{"rendered":"Mas de 25 mil j\u00f3venes reformistas se han formado en el \u00abInstituto Dr. Joaqu\u00edn Balaguer\u00bb"},"content":{"rendered":"<p><body><\/p>\n<p><img decoding=\"async\" src=\"img3\/frank martinez.jpg\" \/>  <\/p>\n<p><span class=\"text1noticias\">Santo Domingo, R. D., 19 de septiembre.- El Instituto de Formaci\u00f3n Pol\u00edtica  (IFP) \u00abDr. Joaqu\u00edn Balaguer\u00bb ha formado a m\u00e1s de 25 mil j\u00f3venes organizados en el Partido Reformista Social Cristiano (PRSC) sobre la democracia cristiana, estrategia y comunicaci\u00f3n pol\u00edtica.<\/span><\/p>\n<p><span class=\"text1noticias\"> <\/span><\/p>\n<p><span class=\"text1noticias\">La informaci\u00f3n la dio a conocer el director del IFP, doctor Frank Mart\u00ednez, quien explic\u00f3 que se han ofrecido talleres de formaci\u00f3n en casi todas las provincias del pa\u00eds, en coordinaci\u00f3n con los dirigentes nacionales de la Juventud Reformista Social Cristiana, (JRSC).<\/span><\/p>\n<p><span class=\"text1noticias\"> <\/span><\/p>\n<p><span class=\"text1noticias\">Mart\u00ednez explic\u00f3 que se trata de cursos  b\u00e1sicos para dotar a los j\u00f3venes reformistas de una panor\u00e1mica que le permita dominar la ideolog\u00eda social cristiana que promueve el PRSC, as\u00ed como estrategia y comunicaci\u00f3n pol\u00edtica.<\/span><\/p>\n<p><span class=\"text1noticias\"> <\/span><\/p>\n<p><span class=\"text1noticias\">Igualmente, los principales valores en que se basa el socialcristianismo, como son el respeto a la dignidad de la persona humana y el bien com\u00fan.<\/span><\/p>\n<p><span class=\"text1noticias\"> <\/span><\/p>\n<p><span class=\"text1noticias\">El presidente del IFP dijo que tambi\u00e9n reciben una breve historia del PRSC desde su fundaci\u00f3n, que incluye el proceso de fusi\u00f3n de los partidos Acci\u00f3n Social (AS) y Revolucionario Dominicano Autentico (PRDA) para formar el Partido Reformista, hasta recorrer los diferentes gobiernos que encabez\u00f3 el doctor Joaqu\u00edn Balaguer desde 1966 hasta 1978 y de 1986 al 1996, as\u00ed como los grandes aportes que hicieron a la democracia y al desarrollo del pa\u00eds.<\/span><\/p>\n<p><span class=\"text1noticias\"> <\/span><\/p>\n<p><span class=\"text1noticias\">Frank Mart\u00ednez, quien es adem\u00e1s vicepresidente regional del PRSC y miembro del Directorio Presidencial (DP) de esa organizaci\u00f3n, dijo que esos cursos-talleres han sido impartidos en las provincias de Azua, San Juan de la Maguana, La Vega, San Pedro de Macor\u00eds, La Romana, El Seybo, Hato Mayor, Duarte, S\u00e1nchez Ram\u00edrez, Hato Mayor, Salcedo, Saman\u00e1, Valverde, San Crist\u00f3bal, Peravia, Hermanas Mirabal, La Altagracia y otras.<\/span><\/p>\n<p><span class=\"text1noticias\"> <\/span><\/p>\n<p><span class=\"text1noticias\">\u00abEl Instituto de Formaci\u00f3n Pol\u00edtica cumple con la misi\u00f3n de presentar un contenido que responda al compromiso planteado por el presidente del partido, ingeniero Federico Ant\u00fan Batlle (Quique), de promover la participaci\u00f3n de la juventud y las mujeres\u00bb, dijo.<\/span><\/p>\n<p><span class=\"text1noticias\"> <\/span><\/p>\n<p><span class=\"text1noticias\">Resalt\u00f3 asimismo el apoyo que viene recibiendo del i<\/span>ngeniero Quique Ant\u00fan para la realizaci\u00f3n de estos talleres de capacitaci\u00f3n de los j\u00f3venes que han ingresado al PRSC.<\/p>\n<h6> 2014-09-19 21:56:41 <\/h6>\n<p><!--\n<link rel=\"stylesheet\" href=\"css\/bootstrap.min.css\">\n\n\n<ul class=\"pagination\">\n\t    \n\t\n\n<li >\n\t<a href='?page_no=14535'>Previous<\/a>\n\t<\/li>\n\n\n       \n    \n\n<li><a href='?page_no=1'>1<\/a><\/li>\n\n\n\n<li><a href='?page_no=2'>2<\/a><\/li>\n\n\n\n<li><a>...<\/a><\/li>\n\n\n\n<li><a href='?page_no=14534'>14534<\/a><\/li>\n\n\n\n<li><a href='?page_no=14535'>14535<\/a><\/li>\n\n\n\n<li class='active'><a>14536<\/a><\/li>\n\n\n\n<li><a href='?page_no=14537'>14537<\/a><\/li>\n\n\n\n<li><a href='?page_no=14538'>14538<\/a><\/li>\n\n\n\n<li><a>...<\/a><\/li>\n\n\n\n<li><a href='?page_no=36999'>36999<\/a><\/li>\n\n\n\n<li><a href='?page_no=37000'>37000<\/a><\/li>\n\n    \n\t\n\n<li >\n\t<a href='?page_no=14537'>Next<\/a>\n\t<\/li>\n\n\n    \n\n<li><a href='?page_no=37000'>Last &rsaquo;&rsaquo;<\/a><\/li>\n\n<\/ul>\n\n\n--><br \/>\n<\/body><\/p>\n","protected":false},"excerpt":{"rendered":"<p>Santo Domingo, R. D., 19 de septiembre.- El Instituto de Formaci\u00f3n Pol\u00edtica (IFP) \u00abDr. Joaqu\u00edn Balaguer\u00bb ha formado a m\u00e1s de 25 mil j\u00f3venes organizados en el Partido Reformista Social Cristiano (PRSC) sobre la democracia cristiana, estrategia y comunicaci\u00f3n pol\u00edtica. La informaci\u00f3n la dio a conocer el director del IFP, doctor Frank Mart\u00ednez, quien explic\u00f3 [&hellip;]<\/p>\n","protected":false},"author":3,"featured_media":0,"comment_status":"open","ping_status":"open","sticky":false,"template":"","format":"standard","meta":{"footnotes":""},"categories":[22],"tags":[],"class_list":["post-162096","post","type-post","status-publish","format-standard","hentry","category-politica"],"_links":{"self":[{"href":"https:\/\/diariodominicano.com\/index.php?rest_route=\/wp\/v2\/posts\/162096","targetHints":{"allow":["GET"]}}],"collection":[{"href":"https:\/\/diariodominicano.com\/index.php?rest_route=\/wp\/v2\/posts"}],"about":[{"href":"https:\/\/diariodominicano.com\/index.php?rest_route=\/wp\/v2\/types\/post"}],"author":[{"embeddable":true,"href":"https:\/\/diariodominicano.com\/index.php?rest_route=\/wp\/v2\/users\/3"}],"replies":[{"embeddable":true,"href":"https:\/\/diariodominicano.com\/index.php?rest_route=%2Fwp%2Fv2%2Fcomments&post=162096"}],"version-history":[{"count":0,"href":"https:\/\/diariodominicano.com\/index.php?rest_route=\/wp\/v2\/posts\/162096\/revisions"}],"wp:attachment":[{"href":"https:\/\/diariodominicano.com\/index.php?rest_route=%2Fwp%2Fv2%2Fmedia&parent=162096"}],"wp:term":[{"taxonomy":"category","embeddable":true,"href":"https:\/\/diariodominicano.com\/index.php?rest_route=%2Fwp%2Fv2%2Fcategories&post=162096"},{"taxonomy":"post_tag","embeddable":true,"href":"https:\/\/diariodominicano.com\/index.php?rest_route=%2Fwp%2Fv2%2Ftags&post=162096"}],"curies":[{"name":"wp","href":"https:\/\/api.w.org\/{rel}","templated":true}]}}