{"id":162095,"date":"2014-09-20T03:03:59","date_gmt":"2014-09-20T03:03:59","guid":{"rendered":"http:\/\/diariodominicano.ddns.net\/?p=162095"},"modified":"2014-09-20T03:03:59","modified_gmt":"2014-09-20T03:03:59","slug":"escogen-a-francisco-concepcion-para-encabezar-plancha-del-pld-en-eleccion-de-fedodim","status":"publish","type":"post","link":"https:\/\/diariodominicano.com\/?p=162095","title":{"rendered":"Escogen a Francisco Concepci\u00f3n para encabezar plancha del PLD en elecci\u00f3n de FEDODIM"},"content":{"rendered":"<p><body><\/p>\n<p><img decoding=\"async\" src=\"img3\/LRS_2525.JPG\" \/>  <\/p>\n<p><span class=\"text1noticias\">Santo Domingo, R. D., 19 de septiembre.-   El Partido de la Liberaci\u00f3n Dominicana, (PLD) eligi\u00f3 por consenso al director de Distrito  Municipal,  Francisco Concepci\u00f3n  para encabezar la plancha que presentaran los ediles de esa organizaci\u00f3n para  dirigir la Federaci\u00f3n Dominicana de Distrito  Municipales, FEDODIM.<\/span><\/p>\n<p><span class=\"text1noticias\"> <\/span><\/p>\n<p><span class=\"text1noticias\">La elecci\u00f3n de la nueva directiva de la Federaci\u00f3n Dominicana de Directores de Distritos Municipales se realizar\u00e1 en asamblea general desarrollarse los d\u00edas  25, 27 y 27  del corriente mes.<\/span><\/p>\n<p><span class=\"text1noticias\"> <\/span><\/p>\n<p><span class=\"text1noticias\">Ignacio Ditr\u00e9n, titular de Asuntos Municipales del PLD  encabez\u00f3 la reuni\u00f3n de los directores miembros del PLD realizada  en la Casa Nacional en  donde el tambi\u00e9n miembro del Comit\u00e9 Central,  destac\u00f3 la unidad y madurez exhibida por los alcaldes municipales morados.<\/span><\/p>\n<p><span class=\"text1noticias\"> <\/span><\/p>\n<p><span class=\"text1noticias\">\u00abEs una muestra de unidad,  de democracia  sobre todo y de apertura\u00bb, expres\u00f3 Ditr\u00e9n en la nota divulgada por el PLD a trav\u00e9s de la Secretar\u00eda de Comunicaciones del partido.<\/span><\/p>\n<p><span class=\"text1noticias\"> <\/span><\/p>\n<p><span class=\"text1noticias\">Expresa que lo m\u00e1s normal es que el electo solo proceda a su juramentaci\u00f3n en la asamblea que tendr\u00e1 lugar la pr\u00f3xima semana, siempre y que desde el PRD se acate la llamada Regla de oro de que la direcci\u00f3n corresponda al que tenga mayor\u00eda.<\/span><\/p>\n<p><span class=\"text1noticias\"> <\/span><\/p>\n<p><span class=\"text1noticias\">\u00abDijo Ditr\u00e9n que aqu\u00ed tiene que primar tambi\u00e9n la Ley de Oro de la municipalidad y quien tenga m\u00e1s directores debe  manifest\u00f3 el dirigente pelede\u00edsta quien adelant\u00f3 que Objetar\u00e1n  la Comisi\u00f3n Electoral por estar compuesta por tres miembros de un mismo partid.<\/span><\/p>\n<p><span class=\"text1noticias\"> <\/span><\/p>\n<p><span class=\"text1noticias\">Francisco Concepci\u00f3n, director municipal de Los Votados, Monte Plata quien gan\u00f3  en las elecciones internas del PLD  fue presentado por Jos\u00e9 F\u00e9lix Severino mientras que Jes\u00fas Mercedes, alcalde del PLD por Las Caletas, su competidor,  lo hizo Solenny G\u00f3mez, directora del Distrito Jos\u00e9 Francisco Pe\u00f1a G\u00f3mez en la provincia de Pedernales.<\/span><\/p>\n<p><span class=\"text1noticias\"> <\/span><\/p>\n<p><span class=\"text1noticias\">El  encuentro se extendi\u00f3 por unas tres horas, debajo de la emblem\u00e1tica mata de limoncillo de la Casa Nacional, donde los directores del PLD y partidos aliados votaron para elegir a<\/span><\/p>\n<p><span class=\"text1noticias\"> <\/span><\/p>\n<p><span class=\"text1noticias\">Ignacio Ditr\u00e9n inform\u00f3 que los pr\u00f3ximos pasos a nivel municipal es una convocatoria  a las y los regidores para el 30 del presente mes para la elecci\u00f3n de la Asociaci\u00f3n de Regidores.<\/span><\/p>\n<p><span class=\"text1noticias\"> <\/span><\/p>\n<p><span class=\"text1noticias\">\u00abY el pr\u00f3ximo 14 a los s\u00edndicos para la elecci\u00f3n de la Federaci\u00f3n Dominicana de Municipios, Fedomu, fecha en que tambi\u00e9n se elegir\u00e1 las representantes de mujeres municipalista\u00bb, <\/span>concluy\u00f3.<\/p>\n<h6> 2014-09-20 03:03:59 <\/h6>\n<p><!--\n<link rel=\"stylesheet\" href=\"css\/bootstrap.min.css\">\n\n\n<ul class=\"pagination\">\n\t    \n\t\n\n<li >\n\t<a href='?page_no=14534'>Previous<\/a>\n\t<\/li>\n\n\n       \n    \n\n<li><a href='?page_no=1'>1<\/a><\/li>\n\n\n\n<li><a href='?page_no=2'>2<\/a><\/li>\n\n\n\n<li><a>...<\/a><\/li>\n\n\n\n<li><a href='?page_no=14533'>14533<\/a><\/li>\n\n\n\n<li><a href='?page_no=14534'>14534<\/a><\/li>\n\n\n\n<li class='active'><a>14535<\/a><\/li>\n\n\n\n<li><a href='?page_no=14536'>14536<\/a><\/li>\n\n\n\n<li><a href='?page_no=14537'>14537<\/a><\/li>\n\n\n\n<li><a>...<\/a><\/li>\n\n\n\n<li><a href='?page_no=36999'>36999<\/a><\/li>\n\n\n\n<li><a href='?page_no=37000'>37000<\/a><\/li>\n\n    \n\t\n\n<li >\n\t<a href='?page_no=14536'>Next<\/a>\n\t<\/li>\n\n\n    \n\n<li><a href='?page_no=37000'>Last &rsaquo;&rsaquo;<\/a><\/li>\n\n<\/ul>\n\n\n--><br \/>\n<\/body><\/p>\n","protected":false},"excerpt":{"rendered":"<p>Santo Domingo, R. D., 19 de septiembre.- El Partido de la Liberaci\u00f3n Dominicana, (PLD) eligi\u00f3 por consenso al director de Distrito Municipal, Francisco Concepci\u00f3n para encabezar la plancha que presentaran los ediles de esa organizaci\u00f3n para dirigir la Federaci\u00f3n Dominicana de Distrito Municipales, FEDODIM. La elecci\u00f3n de la nueva directiva de la Federaci\u00f3n Dominicana de [&hellip;]<\/p>\n","protected":false},"author":3,"featured_media":0,"comment_status":"open","ping_status":"open","sticky":false,"template":"","format":"standard","meta":{"footnotes":""},"categories":[22],"tags":[],"class_list":["post-162095","post","type-post","status-publish","format-standard","hentry","category-politica"],"_links":{"self":[{"href":"https:\/\/diariodominicano.com\/index.php?rest_route=\/wp\/v2\/posts\/162095","targetHints":{"allow":["GET"]}}],"collection":[{"href":"https:\/\/diariodominicano.com\/index.php?rest_route=\/wp\/v2\/posts"}],"about":[{"href":"https:\/\/diariodominicano.com\/index.php?rest_route=\/wp\/v2\/types\/post"}],"author":[{"embeddable":true,"href":"https:\/\/diariodominicano.com\/index.php?rest_route=\/wp\/v2\/users\/3"}],"replies":[{"embeddable":true,"href":"https:\/\/diariodominicano.com\/index.php?rest_route=%2Fwp%2Fv2%2Fcomments&post=162095"}],"version-history":[{"count":0,"href":"https:\/\/diariodominicano.com\/index.php?rest_route=\/wp\/v2\/posts\/162095\/revisions"}],"wp:attachment":[{"href":"https:\/\/diariodominicano.com\/index.php?rest_route=%2Fwp%2Fv2%2Fmedia&parent=162095"}],"wp:term":[{"taxonomy":"category","embeddable":true,"href":"https:\/\/diariodominicano.com\/index.php?rest_route=%2Fwp%2Fv2%2Fcategories&post=162095"},{"taxonomy":"post_tag","embeddable":true,"href":"https:\/\/diariodominicano.com\/index.php?rest_route=%2Fwp%2Fv2%2Ftags&post=162095"}],"curies":[{"name":"wp","href":"https:\/\/api.w.org\/{rel}","templated":true}]}}